{"id":31616,"date":"2024-02-02T11:17:59","date_gmt":"2024-02-02T16:17:59","guid":{"rendered":"https:\/\/solidaridadnews.com\/?p=31616"},"modified":"2024-02-02T16:18:01","modified_gmt":"2024-02-02T16:18:01","slug":"rafael-amaya-reaparece-lleno-de-amor-y-cierra-ciclo-con-el-senor-de-los-cielos","status":"publish","type":"post","link":"https:\/\/solidaridadnews.com\/?p=31616","title":{"rendered":"Rafael Amaya reaparece \u00ablleno de amor\u00bb y cierra ciclo con \u00abEl se\u00f1or de los cielos\u00bb"},"content":{"rendered":"<p>Sonriente y con una buena actitud, fue como el actor Rafael Amaya hizo acto de presencia en la presentaci\u00f3n de la novena temporada de \u00abEl se\u00f1or de los cielos\u00bb, la cual se estrenar\u00e1 el 13 de febrero de Telemundo; y asegur\u00f3 que actualmente se encuentra bien f\u00edsica y emocionalmente.<\/p>\n<p>\u00abYo creo que el amor mueve monta\u00f1as, el amor a uno mismo es la base principal para cualquier cosa, si han visto cambios en m\u00ed es porque me tengo amor, porque de no ser as\u00ed c\u00f3mo puedo amar a alguien m\u00e1s; este proyecto lo estoy haciendo con mucho amor y espero que se vea reflejado en la pantalla\u00bb, dijo Rafael Amaya.<\/p>\n<p>Cabe recordar que el actor pas\u00f3 por una etapa donde las adicciones y los problemas mentales lo alejaron de la vida p\u00fablica, por lo que tuvo que pasar por rehabilitaci\u00f3n; pero Rafael asegur\u00f3 que fue una experiencia de la cual aprendi\u00f3 mucho y est\u00e1 consciente que ese es el objetivo de los errores.<\/p>\n<p>Rafael Amaya explic\u00f3 que a\u00fan se encuentra en los \u00faltimos d\u00edas de grabaci\u00f3n de esta nueva temporada, por tal motivo siente todav\u00eda la tensi\u00f3n que maneja con su personaje de Aurelio Casillas y le costaba trabajo ser \u00e9l mismo; es que despu\u00e9s de una d\u00e9cada dando vida a este sujeto ya es muy f\u00e1cil para \u00e9l saber c\u00f3mo reacciona en cada situaci\u00f3n.<\/p>\n<p>\u00abPero yo creo que llega un momento donde dices, el ciclo ya se cumpli\u00f3 y las cosas ten\u00edan que pasar as\u00ed como est\u00e1n ocurriendo. Aurelio siempre se quiso retirar del negocio, lo intent\u00f3 hacer y no pudo, lo regresaron porque estaba peligrando su familia; por eso yo sent\u00ed que ten\u00edamos que hacer una novena temporada, pero que cerrara con toda la fuerza y los pantalones bien puestos\u00bb, se\u00f1al\u00f3 Amaya.<\/p>\n<p>Rafael Amaya coment\u00f3 que aunque no se sabe si \u00e9sta es la temporada final de \u00abEl se\u00f1or de los cielos\u00bb, \u00e9l se encuentra listo para involucrarse en proyectos de otro g\u00e9nero, a\u00fan as\u00ed agradece el estar en una temporada m\u00e1s con \u00abEl se\u00f1or de los cielos\u00bb.<\/p>\n<p>\u00abEstoy muy agradecido con la empresa, con los que han visto la serie, con los que me han apoyado, con los que me han visto crecer, me han visto caer y levantarme, y por eso estamos aqu\u00ed, porque me levant\u00e9, siento que se los deb\u00eda a ellos, al p\u00fablico y es una bonita manera de cerrar un ciclo\u00bb.<\/p>\n<p>En esta noche no pod\u00eda faltar Carmen Aub, quien desde hace 10 a\u00f1os da vida a Rutila, la hija de Aurelio Casillas, y expres\u00f3 por su paso por la alfombra roja, que se encontraba igual de nerviosa como cuando fue el primer cap\u00edtulo de esta historia.<\/p>\n<p>\u00abLe pusimos mucho cari\u00f1o, han sido meses de mucho trabajo, emocionalmente ha sido drenante, f\u00edsicamente tambi\u00e9n pero ha valido la pena, la pasamos muy bien y somos un equipo incre\u00edble\u00bb, dijo Aub.<\/p>\n<p>Carmen coment\u00f3 que a estas alturas los integrantes de esta serie ya son una familia, por lo que disfrutan mucho al ir a trabajar.<\/p>\n<p>&nbsp;<\/p>\n","protected":false},"excerpt":{"rendered":"<p>Sonriente y con una buena actitud, fue como el actor Rafael Amaya hizo acto de presencia en la presentaci\u00f3n de la novena temporada de \u00abEl se\u00f1or de los cielos\u00bb, la cual se estrenar\u00e1 el 13 de febrero de Telemundo; y asegur\u00f3 que actualmente se encuentra bien f\u00edsica y emocionalmente. \u00abYo creo que el amor mueve [&hellip;]<\/p>\n","protected":false},"author":1,"featured_media":31618,"comment_status":"open","ping_status":"closed","sticky":false,"template":"","format":"standard","meta":{"footnotes":""},"categories":[3],"tags":[],"class_list":["post-31616","post","type-post","status-publish","format-standard","has-post-thumbnail","hentry","category-espectaculos"],"_links":{"self":[{"href":"https:\/\/solidaridadnews.com\/index.php?rest_route=\/wp\/v2\/posts\/31616","targetHints":{"allow":["GET"]}}],"collection":[{"href":"https:\/\/solidaridadnews.com\/index.php?rest_route=\/wp\/v2\/posts"}],"about":[{"href":"https:\/\/solidaridadnews.com\/index.php?rest_route=\/wp\/v2\/types\/post"}],"author":[{"embeddable":true,"href":"https:\/\/solidaridadnews.com\/index.php?rest_route=\/wp\/v2\/users\/1"}],"replies":[{"embeddable":true,"href":"https:\/\/solidaridadnews.com\/index.php?rest_route=%2Fwp%2Fv2%2Fcomments&post=31616"}],"version-history":[{"count":1,"href":"https:\/\/solidaridadnews.com\/index.php?rest_route=\/wp\/v2\/posts\/31616\/revisions"}],"predecessor-version":[{"id":31617,"href":"https:\/\/solidaridadnews.com\/index.php?rest_route=\/wp\/v2\/posts\/31616\/revisions\/31617"}],"wp:featuredmedia":[{"embeddable":true,"href":"https:\/\/solidaridadnews.com\/index.php?rest_route=\/wp\/v2\/media\/31618"}],"wp:attachment":[{"href":"https:\/\/solidaridadnews.com\/index.php?rest_route=%2Fwp%2Fv2%2Fmedia&parent=31616"}],"wp:term":[{"taxonomy":"category","embeddable":true,"href":"https:\/\/solidaridadnews.com\/index.php?rest_route=%2Fwp%2Fv2%2Fcategories&post=31616"},{"taxonomy":"post_tag","embeddable":true,"href":"https:\/\/solidaridadnews.com\/index.php?rest_route=%2Fwp%2Fv2%2Ftags&post=31616"}],"curies":[{"name":"wp","href":"https:\/\/api.w.org\/{rel}","templated":true}]}}