{"id":31598,"date":"2024-02-01T10:11:52","date_gmt":"2024-02-01T15:11:52","guid":{"rendered":"https:\/\/solidaridadnews.com\/?p=31598"},"modified":"2024-02-01T15:11:54","modified_gmt":"2024-02-01T15:11:54","slug":"con-velas-arman-protesta-en-refineria-de-nl-por-fallecidos-por-contaminacion","status":"publish","type":"post","link":"https:\/\/solidaridadnews.com\/?p=31598","title":{"rendered":"Con velas arman protesta en refiner\u00eda de NL por fallecidos por contaminaci\u00f3n"},"content":{"rendered":"<p>Ciudadanos encendieron velas y protestaron la noche de este mi\u00e9rcoles en la Refiner\u00eda de Petr\u00f3leos Mexicanos (Pemex), ubicada en Cadereyta, Nuevo Le\u00f3n, para protestar por las muertes, presuntamente, ocasionadas por la mala calidad del aire debido a las emisiones contaminantes de la empresa.<\/p>\n<p>En el lugar se encendieron mil 710 que fueron llevadas por los propios manifestantes, as\u00ed como la candidata a la alcald\u00eda de San Pedro, Vivianne Clariond y explicaron que representan cada una de las muertes que se le atribuyen a la contaminaci\u00f3n en la entidad.<\/p>\n<p>Cada vela aqu\u00ed presente representa una de las mil 710 almas, que seg\u00fan datos del a\u00f1o 2019, perdieron la vida prematuramente debido a la contaminaci\u00f3n\u201d, dijo.<\/p>\n<p>La regidora sampetrina tambi\u00e9n solicit\u00f3 un minuto de silencio por los fallecidos.<\/p>\n<p>Durante el evento tambi\u00e9n se dio lectura a una carta dirigida a los diputados federales, especialmente los de Nuevo Le\u00f3n, para \u201ctomen cartas en el asunto\u201d y resuelvan el problema de la Refiner\u00eda de Pemex, que contamina el aire de Nuevo Le\u00f3n.<\/p>\n<p>No solo son estad\u00edsticas, representan un luto real en familias afectadas\u201d, destac\u00f3 Clariond.<\/p>\n<p>La protesta inici\u00f3 poco despu\u00e9s de las 21:00 horas y acudieron principalmente ciudadanos de San Pedro que llegaron a bordo de camiones.<\/p>\n<p>En su intervenci\u00f3n, la aspirante independiente a la alcald\u00eda de San Pedro resalt\u00f3 que luchar por una mejor calidad del aire no es una moda pasajera.<\/p>\n<p>Lanz\u00f3 un llamado a los legisladores federales para avalar la consulta popular para preguntar a la ciudadan\u00eda si est\u00e1n a favor de la reubicaci\u00f3n de la Refiner\u00eda.<\/p>\n<p>Cabe destacar que el domingo tambi\u00e9n se realiz\u00f3 una protesta en contra de la Refiner\u00eda en las inmediaciones de la Explanada de los H\u00e9roes.<\/p>\n<p>Lo hacemos porque primero est\u00e1n las personas. El derecho a la salud y a un medio ambiente limpio no son negociables\u201d, destac\u00f3 Clariond.<\/p>\n","protected":false},"excerpt":{"rendered":"<p>Ciudadanos encendieron velas y protestaron la noche de este mi\u00e9rcoles en la Refiner\u00eda de Petr\u00f3leos Mexicanos (Pemex), ubicada en Cadereyta, Nuevo Le\u00f3n, para protestar por las muertes, presuntamente, ocasionadas por la mala calidad del aire debido a las emisiones contaminantes de la empresa. En el lugar se encendieron mil 710 que fueron llevadas por los [&hellip;]<\/p>\n","protected":false},"author":1,"featured_media":31600,"comment_status":"open","ping_status":"closed","sticky":false,"template":"","format":"standard","meta":{"footnotes":""},"categories":[2],"tags":[],"class_list":["post-31598","post","type-post","status-publish","format-standard","has-post-thumbnail","hentry","category-nacional"],"_links":{"self":[{"href":"https:\/\/solidaridadnews.com\/index.php?rest_route=\/wp\/v2\/posts\/31598","targetHints":{"allow":["GET"]}}],"collection":[{"href":"https:\/\/solidaridadnews.com\/index.php?rest_route=\/wp\/v2\/posts"}],"about":[{"href":"https:\/\/solidaridadnews.com\/index.php?rest_route=\/wp\/v2\/types\/post"}],"author":[{"embeddable":true,"href":"https:\/\/solidaridadnews.com\/index.php?rest_route=\/wp\/v2\/users\/1"}],"replies":[{"embeddable":true,"href":"https:\/\/solidaridadnews.com\/index.php?rest_route=%2Fwp%2Fv2%2Fcomments&post=31598"}],"version-history":[{"count":1,"href":"https:\/\/solidaridadnews.com\/index.php?rest_route=\/wp\/v2\/posts\/31598\/revisions"}],"predecessor-version":[{"id":31599,"href":"https:\/\/solidaridadnews.com\/index.php?rest_route=\/wp\/v2\/posts\/31598\/revisions\/31599"}],"wp:featuredmedia":[{"embeddable":true,"href":"https:\/\/solidaridadnews.com\/index.php?rest_route=\/wp\/v2\/media\/31600"}],"wp:attachment":[{"href":"https:\/\/solidaridadnews.com\/index.php?rest_route=%2Fwp%2Fv2%2Fmedia&parent=31598"}],"wp:term":[{"taxonomy":"category","embeddable":true,"href":"https:\/\/solidaridadnews.com\/index.php?rest_route=%2Fwp%2Fv2%2Fcategories&post=31598"},{"taxonomy":"post_tag","embeddable":true,"href":"https:\/\/solidaridadnews.com\/index.php?rest_route=%2Fwp%2Fv2%2Ftags&post=31598"}],"curies":[{"name":"wp","href":"https:\/\/api.w.org\/{rel}","templated":true}]}}