{"id":31595,"date":"2024-02-01T08:54:11","date_gmt":"2024-02-01T13:54:11","guid":{"rendered":"https:\/\/solidaridadnews.com\/?p=31595"},"modified":"2024-02-01T13:54:13","modified_gmt":"2024-02-01T13:54:13","slug":"ceremonia-de-apertura-de-los-juegos-olimpicos-de-paris-podran-asistir-300-mil-personas","status":"publish","type":"post","link":"https:\/\/solidaridadnews.com\/?p=31595","title":{"rendered":"Ceremonia de apertura de los Juegos Ol\u00edmpicos de Par\u00eds podr\u00e1n asistir 300 mil personas"},"content":{"rendered":"<p>Unos 300.000 espectadores podr\u00e1n asistir a la ceremonia de apertura de los Juegos Ol\u00edmpicos de Par\u00eds, seg\u00fan dijo el mi\u00e9rcoles el ministro franc\u00e9s del Interior, G\u00e9rald Darmanin. Es en torno a la mitad de lo previsto en un principio.<\/p>\n<p>El enorme espect\u00e1culo del 26 de julio en el r\u00edo Sena ser\u00e1 la primera ocasi\u00f3n en la que una ceremonia de apertura ol\u00edmpica se celebra fuera del estadio habitual.<\/p>\n<p>Tambi\u00e9n implicar\u00e1 un enorme despliegue de seguridad, con decenas de miles de polic\u00edas y soldados.<\/p>\n<p>Los deportistas ser\u00e1n conducidos por el coraz\u00f3n de la capital francesa en barcos por el Sena en una ruta de 6 kil\u00f3metros (3,7 millas). Las dos orillas del r\u00edo estar\u00e1n llenas de espectadores, detr\u00e1s de varios cordones de seguridad.<\/p>\n<p>En declaraciones en la televisora francesa France 2, Darmanin dijo que los planes actuales contemplaban 100.000 espectadores de pago con vistas a una ribera y m\u00e1s de 220.000 personas con entrada gratuita en las orillas r\u00edo arriba.<\/p>\n<p>Los organizadores hab\u00edan barajado en un principio que unos 600.000 espectadores podr\u00edan ver la ceremonia, pero Darmanin no dijo por qu\u00e9 se hab\u00edan revisado las cifras.<\/p>\n<p>Cuando se le pregunt\u00f3 si ten\u00eda insomnio de pensar en la ceremonia, Darmanin dijo que estaba durmiendo bien.<\/p>\n<p>\u201cS\u00e9 que tengo las mejores fuerzas de seguridad del mundo y podremos demostrar que Francia es capaz de ganar medallas y, por encima de todo, recibir al mundo sin ning\u00fan problema\u201d, dijo.<\/p>\n<p>El presidente de Francia, Emmanuel Macron, dijo en diciembre que la ceremonia podr\u00eda trasladarse por cuestiones de seguridad si Francia vuelve a sufrir ataques extremistas. Mencion\u00f3 los ataques que golpearon Par\u00eds en 2015 como ejemplo de la clase de crisis grave que podr\u00eda forzar un cambio de planes.<\/p>\n","protected":false},"excerpt":{"rendered":"<p>Unos 300.000 espectadores podr\u00e1n asistir a la ceremonia de apertura de los Juegos Ol\u00edmpicos de Par\u00eds, seg\u00fan dijo el mi\u00e9rcoles el ministro franc\u00e9s del Interior, G\u00e9rald Darmanin. Es en torno a la mitad de lo previsto en un principio. El enorme espect\u00e1culo del 26 de julio en el r\u00edo Sena ser\u00e1 la primera ocasi\u00f3n en [&hellip;]<\/p>\n","protected":false},"author":1,"featured_media":31597,"comment_status":"open","ping_status":"closed","sticky":false,"template":"","format":"standard","meta":{"footnotes":""},"categories":[6],"tags":[],"class_list":["post-31595","post","type-post","status-publish","format-standard","has-post-thumbnail","hentry","category-deportes"],"_links":{"self":[{"href":"https:\/\/solidaridadnews.com\/index.php?rest_route=\/wp\/v2\/posts\/31595","targetHints":{"allow":["GET"]}}],"collection":[{"href":"https:\/\/solidaridadnews.com\/index.php?rest_route=\/wp\/v2\/posts"}],"about":[{"href":"https:\/\/solidaridadnews.com\/index.php?rest_route=\/wp\/v2\/types\/post"}],"author":[{"embeddable":true,"href":"https:\/\/solidaridadnews.com\/index.php?rest_route=\/wp\/v2\/users\/1"}],"replies":[{"embeddable":true,"href":"https:\/\/solidaridadnews.com\/index.php?rest_route=%2Fwp%2Fv2%2Fcomments&post=31595"}],"version-history":[{"count":1,"href":"https:\/\/solidaridadnews.com\/index.php?rest_route=\/wp\/v2\/posts\/31595\/revisions"}],"predecessor-version":[{"id":31596,"href":"https:\/\/solidaridadnews.com\/index.php?rest_route=\/wp\/v2\/posts\/31595\/revisions\/31596"}],"wp:featuredmedia":[{"embeddable":true,"href":"https:\/\/solidaridadnews.com\/index.php?rest_route=\/wp\/v2\/media\/31597"}],"wp:attachment":[{"href":"https:\/\/solidaridadnews.com\/index.php?rest_route=%2Fwp%2Fv2%2Fmedia&parent=31595"}],"wp:term":[{"taxonomy":"category","embeddable":true,"href":"https:\/\/solidaridadnews.com\/index.php?rest_route=%2Fwp%2Fv2%2Fcategories&post=31595"},{"taxonomy":"post_tag","embeddable":true,"href":"https:\/\/solidaridadnews.com\/index.php?rest_route=%2Fwp%2Fv2%2Ftags&post=31595"}],"curies":[{"name":"wp","href":"https:\/\/api.w.org\/{rel}","templated":true}]}}