{"id":31586,"date":"2024-01-31T10:42:35","date_gmt":"2024-01-31T15:42:35","guid":{"rendered":"https:\/\/solidaridadnews.com\/?p=31586"},"modified":"2024-01-31T15:42:36","modified_gmt":"2024-01-31T15:42:36","slug":"martin-scorsese-se-reune-con-el-papa-francisco","status":"publish","type":"post","link":"https:\/\/solidaridadnews.com\/?p=31586","title":{"rendered":"Martin Scorsese se re\u00fane con el papa Francisco"},"content":{"rendered":"<p>El papa Francisco mantuvo una breve reuni\u00f3n con el director de cine estadounidense Martin Scorsese, que est\u00e1 preparando una pel\u00edcula sobre la vida de Jes\u00fas, inform\u00f3 el Vaticano.<\/p>\n<p>\u201cEl di\u00e1logo entre Martin Scorsese y el papa Francisco contin\u00faa. Dos hombres de genio y experiencia para quienes la figura de Jes\u00fas tiene un encanto y un valor extraordinarios\u201d, coment\u00f3 en la red social X Antonio Spadaro, subsecretario del Dicasterio para la Cultura y la Educaci\u00f3n.<\/p>\n<p>Continua il dialogo tra #MartinScorsese e #PapaFrancesco\u2026 Due uomini di genio ed esperienza per i quali la figura di #Ges\u00f9 ha un fascino e un valore straordinari.<\/p>\n<p>\u2014 Antonio Spadaro (@antoniospadaro) January 31, 2024<\/p>\n<p>El director, cuya \u00faltima cinta es \u2018Killers of the Flower Moon\u2018 (\u2018Los asesinos de la luna\u2019), prepara desde hace tiempo una pel\u00edcula basada en la novela \u2018La vida de Jes\u00fas\u2019 publicada en el 1973 por el autor japon\u00e9s Shasaku Endo, del que ya llev\u00f3 al cine su obra \u2018Silence\u2019 (\u2018Silencio\u2019), sobre los jesuitas misioneros llegados a Jap\u00f3n para difundir el cristianismo.<\/p>\n<p>El director de \u2018The Last Temptation of Christ\u2019 (\u2018La \u00faltima tentaci\u00f3n de Cristo\u2019, 1988) explic\u00f3 que quer\u00eda hacer esta pel\u00edcula despu\u00e9s de haber encontrado al papa en mayo de 2023 junto con otro grupo de artistas.<\/p>\n<p>\u201cRespond\u00ed al llamamiento que el papa hizo a los artistas de la \u00fanica manera que s\u00e9: imaginando y escribiendo el gui\u00f3n de una pel\u00edcula sobre Jes\u00fas\u201d, anunci\u00f3 en aquella ocasi\u00f3n.<\/p>\n","protected":false},"excerpt":{"rendered":"<p>El papa Francisco mantuvo una breve reuni\u00f3n con el director de cine estadounidense Martin Scorsese, que est\u00e1 preparando una pel\u00edcula sobre la vida de Jes\u00fas, inform\u00f3 el Vaticano. \u201cEl di\u00e1logo entre Martin Scorsese y el papa Francisco contin\u00faa. Dos hombres de genio y experiencia para quienes la figura de Jes\u00fas tiene un encanto y un [&hellip;]<\/p>\n","protected":false},"author":1,"featured_media":31588,"comment_status":"open","ping_status":"closed","sticky":false,"template":"","format":"standard","meta":{"footnotes":""},"categories":[3],"tags":[],"class_list":["post-31586","post","type-post","status-publish","format-standard","has-post-thumbnail","hentry","category-espectaculos"],"_links":{"self":[{"href":"https:\/\/solidaridadnews.com\/index.php?rest_route=\/wp\/v2\/posts\/31586","targetHints":{"allow":["GET"]}}],"collection":[{"href":"https:\/\/solidaridadnews.com\/index.php?rest_route=\/wp\/v2\/posts"}],"about":[{"href":"https:\/\/solidaridadnews.com\/index.php?rest_route=\/wp\/v2\/types\/post"}],"author":[{"embeddable":true,"href":"https:\/\/solidaridadnews.com\/index.php?rest_route=\/wp\/v2\/users\/1"}],"replies":[{"embeddable":true,"href":"https:\/\/solidaridadnews.com\/index.php?rest_route=%2Fwp%2Fv2%2Fcomments&post=31586"}],"version-history":[{"count":1,"href":"https:\/\/solidaridadnews.com\/index.php?rest_route=\/wp\/v2\/posts\/31586\/revisions"}],"predecessor-version":[{"id":31587,"href":"https:\/\/solidaridadnews.com\/index.php?rest_route=\/wp\/v2\/posts\/31586\/revisions\/31587"}],"wp:featuredmedia":[{"embeddable":true,"href":"https:\/\/solidaridadnews.com\/index.php?rest_route=\/wp\/v2\/media\/31588"}],"wp:attachment":[{"href":"https:\/\/solidaridadnews.com\/index.php?rest_route=%2Fwp%2Fv2%2Fmedia&parent=31586"}],"wp:term":[{"taxonomy":"category","embeddable":true,"href":"https:\/\/solidaridadnews.com\/index.php?rest_route=%2Fwp%2Fv2%2Fcategories&post=31586"},{"taxonomy":"post_tag","embeddable":true,"href":"https:\/\/solidaridadnews.com\/index.php?rest_route=%2Fwp%2Fv2%2Ftags&post=31586"}],"curies":[{"name":"wp","href":"https:\/\/api.w.org\/{rel}","templated":true}]}}