{"id":31583,"date":"2024-01-31T09:50:36","date_gmt":"2024-01-31T14:50:36","guid":{"rendered":"https:\/\/solidaridadnews.com\/?p=31583"},"modified":"2024-01-31T14:50:37","modified_gmt":"2024-01-31T14:50:37","slug":"se-disparan-casos-de-ciberbullying-en-mexico-piden-estrategia-conjunta","status":"publish","type":"post","link":"https:\/\/solidaridadnews.com\/?p=31583","title":{"rendered":"Se disparan casos de \u2018ciberbullying\u2019 en M\u00e9xico; piden estrategia conjunta"},"content":{"rendered":"<p>El bullying cibern\u00e9tico contra menores en escuelas de nivel b\u00e1sico se sextuplic\u00f3 en M\u00e9xico. Aunque en el porcentaje total de este tipo de violencia no es predominante, s\u00ed es el que mayor tendencia al alza tiene, alert\u00f3 Salvador Guerrero Chipr\u00e9s, presidente del Consejo Ciudadano para la Seguridad y Justicia de la Ciudad de M\u00e9xico.<\/p>\n<p>Con motivo de los 60 a\u00f1os del inicio del D\u00eda Escolar de la Paz y la No Violencia, que se conmemor\u00f3 ayer, Guerrero Chipr\u00e9s destac\u00f3, en entrevista con Exc\u00e9lsior, que en M\u00e9xico el bullying s\u00ed ha adquirido una visibilidad mayor. \u201cHace unos 20 a\u00f1os ni siquiera era aceptado el vocablo, y ahora es aceptado precisamente para hacer referencia al abuso y al acoso escolar\u201d.<\/p>\n<p>Espa\u00f1a, Argentina, Brasil, Estados Unidos y M\u00e9xico son los cinco pa\u00edses con m\u00e1s casos por cada cien mil habitantes. Aunque mediciones internacionales, como la realizada por la organizaci\u00f3n Bullying Sin Fronteras, o colocan en primer lugar en cifra absoluta, con 270 mil casos, refiri\u00f3.<\/p>\n<p>De acuerdo con la revisi\u00f3n a nivel nacional, realizada por el Consejo Ciudadano, de 2022 a lo que va de este a\u00f1o, se han recibido 851 reportes de bullying.<\/p>\n<p>Por tipo de violencia, 31% es f\u00edsica, 24% verbal, 15% sexual, 14% psicol\u00f3gica, 12% cibern\u00e9tica (hace cinco a\u00f1os era de 2%), y 5% exclusi\u00f3n social.<\/p>\n<p>A nivel secundaria se presentan 47% de los casos; 26% en primaria, 17% en media superior, 6% preescolar y 3% superior.<\/p>\n<p>Recientemente, la Organizaci\u00f3n Bullying Sin Fronteras inform\u00f3 que el acoso escolar en sus diferentes modalidades es el causante directo de 200 mil muertes cada a\u00f1o, ya sea por homicidio o por inducci\u00f3n al suicidio.<\/p>\n<p>Ante esto, Guerrero Chipr\u00e9s llam\u00f3 a atender la violencia escolar en todos sus tipos y poner especialmente atenci\u00f3n en un fen\u00f3meno reciente que va en aumento, que es que los estudiantes que son testigos de un tipo de acoso prefieren grabar que intervenir para detener la situaci\u00f3n. \u201cBuscan generar likes en sus publicaciones\u201d, dijo.<\/p>\n<p>Llam\u00f3 a \u201ccombatir el bullying asumiendo el empuje de un tri\u00e1ngulo de acci\u00f3n entre autoridades escolares, madres y padres de familia y medios de comunicaci\u00f3n\u201d.<\/p>\n<p>Agreg\u00f3 que \u201chay un conjunto de factores de falta de atenci\u00f3n y vulnerabilidades exteriores que propician el aumento de la violencia, pero es esencial fortalecer la prevenci\u00f3n desde la familia\u201d.<\/p>\n","protected":false},"excerpt":{"rendered":"<p>El bullying cibern\u00e9tico contra menores en escuelas de nivel b\u00e1sico se sextuplic\u00f3 en M\u00e9xico. Aunque en el porcentaje total de este tipo de violencia no es predominante, s\u00ed es el que mayor tendencia al alza tiene, alert\u00f3 Salvador Guerrero Chipr\u00e9s, presidente del Consejo Ciudadano para la Seguridad y Justicia de la Ciudad de M\u00e9xico. Con [&hellip;]<\/p>\n","protected":false},"author":1,"featured_media":31585,"comment_status":"open","ping_status":"closed","sticky":false,"template":"","format":"standard","meta":{"footnotes":""},"categories":[2],"tags":[],"class_list":["post-31583","post","type-post","status-publish","format-standard","has-post-thumbnail","hentry","category-nacional"],"_links":{"self":[{"href":"https:\/\/solidaridadnews.com\/index.php?rest_route=\/wp\/v2\/posts\/31583","targetHints":{"allow":["GET"]}}],"collection":[{"href":"https:\/\/solidaridadnews.com\/index.php?rest_route=\/wp\/v2\/posts"}],"about":[{"href":"https:\/\/solidaridadnews.com\/index.php?rest_route=\/wp\/v2\/types\/post"}],"author":[{"embeddable":true,"href":"https:\/\/solidaridadnews.com\/index.php?rest_route=\/wp\/v2\/users\/1"}],"replies":[{"embeddable":true,"href":"https:\/\/solidaridadnews.com\/index.php?rest_route=%2Fwp%2Fv2%2Fcomments&post=31583"}],"version-history":[{"count":1,"href":"https:\/\/solidaridadnews.com\/index.php?rest_route=\/wp\/v2\/posts\/31583\/revisions"}],"predecessor-version":[{"id":31584,"href":"https:\/\/solidaridadnews.com\/index.php?rest_route=\/wp\/v2\/posts\/31583\/revisions\/31584"}],"wp:featuredmedia":[{"embeddable":true,"href":"https:\/\/solidaridadnews.com\/index.php?rest_route=\/wp\/v2\/media\/31585"}],"wp:attachment":[{"href":"https:\/\/solidaridadnews.com\/index.php?rest_route=%2Fwp%2Fv2%2Fmedia&parent=31583"}],"wp:term":[{"taxonomy":"category","embeddable":true,"href":"https:\/\/solidaridadnews.com\/index.php?rest_route=%2Fwp%2Fv2%2Fcategories&post=31583"},{"taxonomy":"post_tag","embeddable":true,"href":"https:\/\/solidaridadnews.com\/index.php?rest_route=%2Fwp%2Fv2%2Ftags&post=31583"}],"curies":[{"name":"wp","href":"https:\/\/api.w.org\/{rel}","templated":true}]}}