{"id":31571,"date":"2024-01-30T11:45:29","date_gmt":"2024-01-30T16:45:29","guid":{"rendered":"https:\/\/solidaridadnews.com\/?p=31571"},"modified":"2024-01-30T16:45:30","modified_gmt":"2024-01-30T16:45:30","slug":"rauw-alejandro-olvida-a-rosalia-con-una-modelo-francesa-de-24-anos","status":"publish","type":"post","link":"https:\/\/solidaridadnews.com\/?p=31571","title":{"rendered":"Rauw Alejandro olvida a Rosal\u00eda con una modelo francesa de 24 a\u00f1os"},"content":{"rendered":"<p>Mientras que Rosal\u00eda parece que ya le dio vuelta a la p\u00e1gina de su cap\u00edtulo con Rauw Alejandro, con quien casi llegaba al altar, ahora el cantante fue captado con una mujer en Espa\u00f1a, donde ambos aparecieron paseando de lo m\u00e1s contentos.<\/p>\n<p>La historia de amor entre Rauw Alejandro y Rosal\u00eda era una de las favoritas del p\u00fablico, ambos hicieron part\u00edcipes a sus fans de su vivencia rom\u00e1ntica que lleg\u00f3 a su fin tras siete meses despu\u00e9s de que el reggaetonero le pidiera matrimonio a la int\u00e9rprete de \u00abTuya\u00bb.<\/p>\n<p>Tras su medi\u00e1tico y sorpresivo rompimiento, Rauw Alejandro y Rosal\u00eda protagonizaron un duelo musical durante la gala de los Latin Grammy donde el puertorrique\u00f1o se marc\u00f3 una original versi\u00f3n del \u00abSe fue\u00bb de Laura Pausini, y la espa\u00f1ola otra, no menos especial, de \u00abSe nos rompi\u00f3 el amor\u00bb, que populariz\u00f3 Roc\u00edo Jurado.<\/p>\n<p>Mientras Rosal\u00eda presume p\u00fablicamente de su relaci\u00f3n con el actor Jeremy Allen White, el fin de semana Rauw Alejandro fue captado con una mujer de lo m\u00e1s feliz, se trata de una cotizada modelo francesa de 24 a\u00f1os llamada Romane.<\/p>\n<p>La pareja, que trat\u00f3 de pasar desapercibida vistiendo de negro y utilizando gorras y gafas, no lo lograron, pues re revista espa\u00f1ola Semana los cap\u00f3 por las calles de Par\u00eds muy juntitos; la cabellera de Romance llam\u00f3 la atenci\u00f3n de los fot\u00f3grafos.<\/p>\n<p>Aunque se habr\u00eda cre\u00eddo que Rauw ten\u00eda un romance con la tambi\u00e9n modelo, 13 a\u00f1os menor que \u00e9l, Yasmin Barbieri, esto qued\u00f3 descartado, y ahora, el nombre de Romane suena con fuerza en la vida del cantante de 31 a\u00f1os.<\/p>\n<p>En Instagram cuenta con 753 mil seguidores, y entre las fotos que comparte est\u00e1n unas con la cantante Selena Gomez, a quien llama su amiga.<\/p>\n<p>Romane acaba de desfilar en el Fashion Week de Par\u00eds para la conocida firma Stephane Rolland, la joven, que posee una elegante melena rubia, ha sido imagen de firmas exclusivas como Gucci o Messika.<\/p>\n","protected":false},"excerpt":{"rendered":"<p>Mientras que Rosal\u00eda parece que ya le dio vuelta a la p\u00e1gina de su cap\u00edtulo con Rauw Alejandro, con quien casi llegaba al altar, ahora el cantante fue captado con una mujer en Espa\u00f1a, donde ambos aparecieron paseando de lo m\u00e1s contentos. La historia de amor entre Rauw Alejandro y Rosal\u00eda era una de las [&hellip;]<\/p>\n","protected":false},"author":1,"featured_media":31573,"comment_status":"open","ping_status":"closed","sticky":false,"template":"","format":"standard","meta":{"footnotes":""},"categories":[3],"tags":[],"class_list":["post-31571","post","type-post","status-publish","format-standard","has-post-thumbnail","hentry","category-espectaculos"],"_links":{"self":[{"href":"https:\/\/solidaridadnews.com\/index.php?rest_route=\/wp\/v2\/posts\/31571","targetHints":{"allow":["GET"]}}],"collection":[{"href":"https:\/\/solidaridadnews.com\/index.php?rest_route=\/wp\/v2\/posts"}],"about":[{"href":"https:\/\/solidaridadnews.com\/index.php?rest_route=\/wp\/v2\/types\/post"}],"author":[{"embeddable":true,"href":"https:\/\/solidaridadnews.com\/index.php?rest_route=\/wp\/v2\/users\/1"}],"replies":[{"embeddable":true,"href":"https:\/\/solidaridadnews.com\/index.php?rest_route=%2Fwp%2Fv2%2Fcomments&post=31571"}],"version-history":[{"count":1,"href":"https:\/\/solidaridadnews.com\/index.php?rest_route=\/wp\/v2\/posts\/31571\/revisions"}],"predecessor-version":[{"id":31572,"href":"https:\/\/solidaridadnews.com\/index.php?rest_route=\/wp\/v2\/posts\/31571\/revisions\/31572"}],"wp:featuredmedia":[{"embeddable":true,"href":"https:\/\/solidaridadnews.com\/index.php?rest_route=\/wp\/v2\/media\/31573"}],"wp:attachment":[{"href":"https:\/\/solidaridadnews.com\/index.php?rest_route=%2Fwp%2Fv2%2Fmedia&parent=31571"}],"wp:term":[{"taxonomy":"category","embeddable":true,"href":"https:\/\/solidaridadnews.com\/index.php?rest_route=%2Fwp%2Fv2%2Fcategories&post=31571"},{"taxonomy":"post_tag","embeddable":true,"href":"https:\/\/solidaridadnews.com\/index.php?rest_route=%2Fwp%2Fv2%2Ftags&post=31571"}],"curies":[{"name":"wp","href":"https:\/\/api.w.org\/{rel}","templated":true}]}}