{"id":31568,"date":"2024-01-30T10:10:49","date_gmt":"2024-01-30T15:10:49","guid":{"rendered":"https:\/\/solidaridadnews.com\/?p=31568"},"modified":"2024-01-30T15:10:50","modified_gmt":"2024-01-30T15:10:50","slug":"dan-luz-verde-a-patria-que-se-aplicara-en-octubre-de-este-ano","status":"publish","type":"post","link":"https:\/\/solidaridadnews.com\/?p=31568","title":{"rendered":"Dan luz verde a Patria que se aplicar\u00e1 en octubre de este a\u00f1o"},"content":{"rendered":"<p>La vacuna que era de emergencia para el tiempo de la pandemia por Covid-19, por fin ver\u00e1 la luz, si como aseguran las autoridades, en febrero pr\u00f3ximo obtendr\u00e1 se dar\u00e1 el certificado para empezar a producirse y estar lista pr\u00e1cticamente tres a\u00f1os despu\u00e9s de haberse superado dicha emergencia.<\/p>\n<p>De esta forma, autoridades de la Secretar\u00eda de Salud y de la Comisi\u00f3n Federal para la Protecci\u00f3n contra Riesgos Sanitarios (Cofepris) anunciaron este martes, que la vacuna Patria se comenzar\u00e1 a aplicar en la pr\u00f3xima temporada invernal, que comienza en octubre de este a\u00f1o.<\/p>\n<p>\u201cLo m\u00e1s seguro es que la principal aplicaci\u00f3n de Patria sea para la protecci\u00f3n de la siguiente \u00e9poca invernal\u201d, coment\u00f3 Ruy L\u00f3pez Ridaura, subsecretario de Prevenci\u00f3n y Promoci\u00f3n a la Salud de la Secretar\u00eda de Salud.<\/p>\n<p>En la conferencia matutina que encabeza el presidente Andr\u00e9s Manuel L\u00f3pez Obrador, Alejandro Ernesto Svarch P\u00e9rez, titular de la Cofepris (Comisi\u00f3n Federal para la Protecci\u00f3n Contra Riesgos Sanitarios), inform\u00f3 que el Comit\u00e9 de Mol\u00e9culas aprob\u00f3 de manera un\u00e1nime la vacuna Patria, que \u201ces crucial para la autorizaci\u00f3n definitiva\u201d.<br \/>\nDetall\u00f3 que el biol\u00f3gico demostr\u00f3 ser seguro y eficaz como refuerzo para prevenir el contagio y las secuelas del virus SARS CoV-2, \u201cy sus nuevas variantes\u201d, y que se puede aplicar a personas mayores de 18 a\u00f1os y con comorbilidades.<\/p>\n<p>\u201cMostr\u00f3 efectividad equivalente a la de otros biol\u00f3gicos que ya se aplican entre la poblaci\u00f3n, y protege a la poblaci\u00f3n frente a las variantes que actualmente circulan en el pa\u00eds, por lo que las y los mexicanos podemos estar tranquilos que tendremos un biol\u00f3gico eficaz\u201d, dijo Svarch P\u00e9rez.<\/p>\n<p>Se estima que la empresa Avimex obtenga el certificado el 15 de febrero pr\u00f3ximo para iniciar con la producci\u00f3n de ente 1.7 y 2.5 millones de dosis mensuales de la vacuna Patria, en los primeros tres meses.<br \/>\n\u201cEl 15 de febrero est\u00e1 la expectativa de que empiece a producirse\u201d, se\u00f1al\u00f3 y agreg\u00f3 que \u201ctenemos vacuna Abdala y Sputnik para toda la temporada\u201c, dijo y calific\u00f3 a la vacuna como un \u201cproyecto de alto impacto\u201d.<\/p>\n<p>El director del Instituto Mexicano del Seguro Social (IMSS), Zo\u00e9 Robledo Aburto inform\u00f3 que inici\u00f3 el registro para todas aquellas personas que no cuenten con seguridad social obtengan la credencial que los identifique como usuarios del IMSS-Bienestar.<\/p>\n<p>Para hacer el registro, las personas interesadas deben ingresar a la p\u00e1gina registro.imssbienestar.gob, y proporcionar su CURP, fotograf\u00eda digital de frente, identificaci\u00f3n oficial vigente, correo electr\u00f3nico y tel\u00e9fono.<\/p>\n<p>De igual forma, durante la conferencia matutina presidencial, tambi\u00e9n inform\u00f3 sobre los avances de infraestructura y equipamiento en las unidades m\u00e9dicas de 21 estados del pa\u00eds, para el mejoramiento del servicio de salud.<\/p>\n<p>Asever\u00f3 que se ha avanzado en el tema de basificaci\u00f3n de m\u00e9dicos, y que hasta el momento se tiene contabilizado a 20 mil 118 de un total de 39 mil 449 m\u00e9dicos.<\/p>\n<p>Robledo Aburto precis\u00f3 que se empez\u00f3 por basificar a los m\u00e9dicos que ten\u00edan mayor antig\u00fcedad.<\/p>\n<p>Por su parte, Ruy L\u00f3pez Ridaura, subsecretario de Salud, sostuvo que los hospitales p\u00fablicos del pa\u00eds cuentan con una gran capacidad para atender a los pacientes que lo requieran, y llam\u00f3 a la poblaci\u00f3n a vacunarse contra el Covid-19.<\/p>\n<p>\u201cTenemos enorme capacidad, tres mil 899 camas disponibles, todas las unidades nos dicen camas espec\u00edficamente para enfermos con infecci\u00f3n respiratoria aguda grave, la parte general y equipadas con ventilador donde tenemos dos mil 85; ocupado 6.0% de camas generales, 1.0% con ventilador, muy por debajo aun en \u00e9pocas invernales de a\u00f1os pasados\u201d, explic\u00f3.<\/p>\n","protected":false},"excerpt":{"rendered":"<p>La vacuna que era de emergencia para el tiempo de la pandemia por Covid-19, por fin ver\u00e1 la luz, si como aseguran las autoridades, en febrero pr\u00f3ximo obtendr\u00e1 se dar\u00e1 el certificado para empezar a producirse y estar lista pr\u00e1cticamente tres a\u00f1os despu\u00e9s de haberse superado dicha emergencia. De esta forma, autoridades de la Secretar\u00eda [&hellip;]<\/p>\n","protected":false},"author":1,"featured_media":31570,"comment_status":"open","ping_status":"closed","sticky":false,"template":"","format":"standard","meta":{"footnotes":""},"categories":[2],"tags":[],"class_list":["post-31568","post","type-post","status-publish","format-standard","has-post-thumbnail","hentry","category-nacional"],"_links":{"self":[{"href":"https:\/\/solidaridadnews.com\/index.php?rest_route=\/wp\/v2\/posts\/31568","targetHints":{"allow":["GET"]}}],"collection":[{"href":"https:\/\/solidaridadnews.com\/index.php?rest_route=\/wp\/v2\/posts"}],"about":[{"href":"https:\/\/solidaridadnews.com\/index.php?rest_route=\/wp\/v2\/types\/post"}],"author":[{"embeddable":true,"href":"https:\/\/solidaridadnews.com\/index.php?rest_route=\/wp\/v2\/users\/1"}],"replies":[{"embeddable":true,"href":"https:\/\/solidaridadnews.com\/index.php?rest_route=%2Fwp%2Fv2%2Fcomments&post=31568"}],"version-history":[{"count":1,"href":"https:\/\/solidaridadnews.com\/index.php?rest_route=\/wp\/v2\/posts\/31568\/revisions"}],"predecessor-version":[{"id":31569,"href":"https:\/\/solidaridadnews.com\/index.php?rest_route=\/wp\/v2\/posts\/31568\/revisions\/31569"}],"wp:featuredmedia":[{"embeddable":true,"href":"https:\/\/solidaridadnews.com\/index.php?rest_route=\/wp\/v2\/media\/31570"}],"wp:attachment":[{"href":"https:\/\/solidaridadnews.com\/index.php?rest_route=%2Fwp%2Fv2%2Fmedia&parent=31568"}],"wp:term":[{"taxonomy":"category","embeddable":true,"href":"https:\/\/solidaridadnews.com\/index.php?rest_route=%2Fwp%2Fv2%2Fcategories&post=31568"},{"taxonomy":"post_tag","embeddable":true,"href":"https:\/\/solidaridadnews.com\/index.php?rest_route=%2Fwp%2Fv2%2Ftags&post=31568"}],"curies":[{"name":"wp","href":"https:\/\/api.w.org\/{rel}","templated":true}]}}