{"id":31565,"date":"2024-01-30T08:52:42","date_gmt":"2024-01-30T13:52:42","guid":{"rendered":"https:\/\/solidaridadnews.com\/?p=31565"},"modified":"2024-01-30T13:52:43","modified_gmt":"2024-01-30T13:52:43","slug":"la-fiscalia-solicita-que-el-juicio-contra-dani-alves-sea-a-puerta-cerrada","status":"publish","type":"post","link":"https:\/\/solidaridadnews.com\/?p=31565","title":{"rendered":"La Fiscal\u00eda solicita que el juicio contra Dani Alves sea a puerta cerrada"},"content":{"rendered":"<p>El juicio contra Dani Alves por los presuntos abusos sexuales a una joven en una discoteca de Barcelona hace m\u00e1s de un a\u00f1o podr\u00eda celebrarse a puerta cerrada. As\u00ed lo ha solicitado la Fiscal\u00eda, con intenci\u00f3n de proteger a la v\u00edctima, de cara a un proceso que comenzar\u00e1 el pr\u00f3ximo 5 de febrero.<\/p>\n<p>La petici\u00f3n, compartida tambi\u00e9n por la defensa de la v\u00edctima y sin oposici\u00f3n por parte de los abogados de Alves, se traducir\u00eda en la \u00fanica presencia ante el tribunal del letrado de la administraci\u00f3n de Justicia, el fiscal y los abogados de la acusaci\u00f3n particular y de la defensa del jugador junto con los procuradores. Tanto la sesi\u00f3n del 5, como la del 6 y 7 de febrero ser\u00edan a puerta cerrada.<\/p>\n<p>La madre de Dani Alves revela la identidad de la presunta v\u00edctima de violaci\u00f3n de su hijoLa madre de Dani Alves revela la identidad de la presunta v\u00edctima de violaci\u00f3n de su hijo<\/p>\n<p>El juicio contra Dani Alves por los presuntos abusos sexuales a una joven en una discoteca de Barcelona hace m\u00e1s de un a\u00f1o podr\u00eda celebrarse a puerta cerrada. As\u00ed lo ha solicitado la Fiscal\u00eda, con intenci\u00f3n de proteger a la v\u00edctima, de cara a un proceso que comenzar\u00e1 el pr\u00f3ximo 5 de febrero, tal y como ha desvelado este lunes El Peri\u00f3dico.<\/p>\n<p>La petici\u00f3n, compartida tambi\u00e9n por la defensa de la v\u00edctima y sin oposici\u00f3n por parte de los abogados de Alves, se traducir\u00eda en la \u00fanica presencia ante el tribunal del letrado de la administraci\u00f3n de Justicia, el fiscal y los abogados de la acusaci\u00f3n particular y de la defensa del jugador junto con los procuradores. Tanto la sesi\u00f3n del 5, como la del 6 y 7 de febrero ser\u00edan a puerta cerrada.<\/p>\n<p>El tribunal deber\u00e1 ahora responder en los pr\u00f3ximos d\u00edas a esta solicitud que impedir\u00eda la presencia de medios de comunicaci\u00f3n en el caso m\u00e1s medi\u00e1tico de los \u00faltimos a\u00f1os.<\/p>\n<p>Durante esas tres sesiones est\u00e1 previsto que se produzca la declaraci\u00f3n de 22 testigos y el propio Alves. Adem\u00e1s, los peritos explicar\u00e1n los informes m\u00e9dicos derivados de las pruebas f\u00edsicas y psicol\u00f3gicas a las que se someti\u00f3 la v\u00edctima y se visionar\u00e1n todas las im\u00e1genes captadas esa noche.<\/p>\n<p>Tras un a\u00f1o de prisi\u00f3n provisional, Alves se enfrenta ahora a un proceso judicial en el que la Fiscal\u00eda solicita una pena de nueve a\u00f1os de prisi\u00f3n, diez de libertad vigilada y una indemnizaci\u00f3n de 150.000 euros.<\/p>\n","protected":false},"excerpt":{"rendered":"<p>El juicio contra Dani Alves por los presuntos abusos sexuales a una joven en una discoteca de Barcelona hace m\u00e1s de un a\u00f1o podr\u00eda celebrarse a puerta cerrada. As\u00ed lo ha solicitado la Fiscal\u00eda, con intenci\u00f3n de proteger a la v\u00edctima, de cara a un proceso que comenzar\u00e1 el pr\u00f3ximo 5 de febrero. La petici\u00f3n, [&hellip;]<\/p>\n","protected":false},"author":1,"featured_media":31567,"comment_status":"open","ping_status":"closed","sticky":false,"template":"","format":"standard","meta":{"footnotes":""},"categories":[6],"tags":[],"class_list":["post-31565","post","type-post","status-publish","format-standard","has-post-thumbnail","hentry","category-deportes"],"_links":{"self":[{"href":"https:\/\/solidaridadnews.com\/index.php?rest_route=\/wp\/v2\/posts\/31565","targetHints":{"allow":["GET"]}}],"collection":[{"href":"https:\/\/solidaridadnews.com\/index.php?rest_route=\/wp\/v2\/posts"}],"about":[{"href":"https:\/\/solidaridadnews.com\/index.php?rest_route=\/wp\/v2\/types\/post"}],"author":[{"embeddable":true,"href":"https:\/\/solidaridadnews.com\/index.php?rest_route=\/wp\/v2\/users\/1"}],"replies":[{"embeddable":true,"href":"https:\/\/solidaridadnews.com\/index.php?rest_route=%2Fwp%2Fv2%2Fcomments&post=31565"}],"version-history":[{"count":1,"href":"https:\/\/solidaridadnews.com\/index.php?rest_route=\/wp\/v2\/posts\/31565\/revisions"}],"predecessor-version":[{"id":31566,"href":"https:\/\/solidaridadnews.com\/index.php?rest_route=\/wp\/v2\/posts\/31565\/revisions\/31566"}],"wp:featuredmedia":[{"embeddable":true,"href":"https:\/\/solidaridadnews.com\/index.php?rest_route=\/wp\/v2\/media\/31567"}],"wp:attachment":[{"href":"https:\/\/solidaridadnews.com\/index.php?rest_route=%2Fwp%2Fv2%2Fmedia&parent=31565"}],"wp:term":[{"taxonomy":"category","embeddable":true,"href":"https:\/\/solidaridadnews.com\/index.php?rest_route=%2Fwp%2Fv2%2Fcategories&post=31565"},{"taxonomy":"post_tag","embeddable":true,"href":"https:\/\/solidaridadnews.com\/index.php?rest_route=%2Fwp%2Fv2%2Ftags&post=31565"}],"curies":[{"name":"wp","href":"https:\/\/api.w.org\/{rel}","templated":true}]}}