{"id":31554,"date":"2024-01-29T09:25:27","date_gmt":"2024-01-29T14:25:27","guid":{"rendered":"https:\/\/solidaridadnews.com\/?p=31554"},"modified":"2024-01-29T14:25:28","modified_gmt":"2024-01-29T14:25:28","slug":"transporte-publico-reanuda-el-servicio-hoy-en-taxco-de-alarcon","status":"publish","type":"post","link":"https:\/\/solidaridadnews.com\/?p=31554","title":{"rendered":"Transporte p\u00fablico reanuda el servicio hoy en Taxco de Alarc\u00f3n"},"content":{"rendered":"<p>Como resultado de una intensa jornada de trabajo en la que se privilegi\u00f3 el di\u00e1logo y el compromiso de brindar seguridad a los transportistas de Taxco de Alarc\u00f3n, finalmente se pone fin al paro del servicio del pasaje y se reanuda este lunes.<\/p>\n<p>Al cumplirse siete d\u00edas de que se paraliz\u00f3 la movilidad del transporte en todas sus modalidades, se alcanz\u00f3 acuerdos con los l\u00edderes transportistas y representantes de los tres niveles de gobierno, para que a partir de este lunes la poblaci\u00f3n cuente con el servicio del pasaje local y for\u00e1neo.<\/p>\n<p>Funcionarios de la Secretar\u00eda General de Gobierno, Secretar\u00eda de Seguridad P\u00fablica, Sedena, Guardia Nacional y del municipio de Taxco, acordaron continuar con acciones de proximidad social y operativos de seguridad para que los transportistas realicen sus labores sin riesgo de ser v\u00edctimas de la violencia.<\/p>\n<p>El gobierno del Estado refrend\u00f3 su compromiso de apoyar y brindar las medidas necesarias para que los trabajadores del volante contin\u00faen con su labor y no se vea afectada la poblaci\u00f3n y los turistas que visitan est\u00e1 ciudad colonial a disfrutar sus bellezas naturales.<\/p>\n<p>En ese sentido, se dijo que la prioridad de la actual administraci\u00f3n estatal es que la ciudadan\u00eda cuente con los servicios necesarios y con seguridad para realicen sus actividades de manera normal y para que no se altere la paz social de los guerrerenses.<\/p>\n<p>Como se inform\u00f3 de manera oportuna, este pueblo m\u00e1gico desde el domingo pasado se paraliz\u00f3 el transporte de taxis y camionetas urvans, luego que un trabajador del volante sufriera un ataque armado un dia antes, es decir, el s\u00e1bado, que impidio tambi\u00e9n que se impartieran clases presenciales.<\/p>\n<p>La paralizaci\u00f3n del pasaje no solo afecto la econom\u00eda local, tambi\u00e9n impact\u00f3 a los hoteles y prestadores de servicios tur\u00edsticos, que este fin de semana cerraron abajo de los 30 puntos porcentuales en la renta de cuartos de hotel.<\/p>\n","protected":false},"excerpt":{"rendered":"<p>Como resultado de una intensa jornada de trabajo en la que se privilegi\u00f3 el di\u00e1logo y el compromiso de brindar seguridad a los transportistas de Taxco de Alarc\u00f3n, finalmente se pone fin al paro del servicio del pasaje y se reanuda este lunes. Al cumplirse siete d\u00edas de que se paraliz\u00f3 la movilidad del transporte [&hellip;]<\/p>\n","protected":false},"author":1,"featured_media":31556,"comment_status":"open","ping_status":"closed","sticky":false,"template":"","format":"standard","meta":{"footnotes":""},"categories":[2],"tags":[],"class_list":["post-31554","post","type-post","status-publish","format-standard","has-post-thumbnail","hentry","category-nacional"],"_links":{"self":[{"href":"https:\/\/solidaridadnews.com\/index.php?rest_route=\/wp\/v2\/posts\/31554","targetHints":{"allow":["GET"]}}],"collection":[{"href":"https:\/\/solidaridadnews.com\/index.php?rest_route=\/wp\/v2\/posts"}],"about":[{"href":"https:\/\/solidaridadnews.com\/index.php?rest_route=\/wp\/v2\/types\/post"}],"author":[{"embeddable":true,"href":"https:\/\/solidaridadnews.com\/index.php?rest_route=\/wp\/v2\/users\/1"}],"replies":[{"embeddable":true,"href":"https:\/\/solidaridadnews.com\/index.php?rest_route=%2Fwp%2Fv2%2Fcomments&post=31554"}],"version-history":[{"count":1,"href":"https:\/\/solidaridadnews.com\/index.php?rest_route=\/wp\/v2\/posts\/31554\/revisions"}],"predecessor-version":[{"id":31555,"href":"https:\/\/solidaridadnews.com\/index.php?rest_route=\/wp\/v2\/posts\/31554\/revisions\/31555"}],"wp:featuredmedia":[{"embeddable":true,"href":"https:\/\/solidaridadnews.com\/index.php?rest_route=\/wp\/v2\/media\/31556"}],"wp:attachment":[{"href":"https:\/\/solidaridadnews.com\/index.php?rest_route=%2Fwp%2Fv2%2Fmedia&parent=31554"}],"wp:term":[{"taxonomy":"category","embeddable":true,"href":"https:\/\/solidaridadnews.com\/index.php?rest_route=%2Fwp%2Fv2%2Fcategories&post=31554"},{"taxonomy":"post_tag","embeddable":true,"href":"https:\/\/solidaridadnews.com\/index.php?rest_route=%2Fwp%2Fv2%2Ftags&post=31554"}],"curies":[{"name":"wp","href":"https:\/\/api.w.org\/{rel}","templated":true}]}}