{"id":31536,"date":"2024-01-27T08:26:08","date_gmt":"2024-01-27T13:26:08","guid":{"rendered":"https:\/\/solidaridadnews.com\/?p=31536"},"modified":"2024-01-27T13:26:09","modified_gmt":"2024-01-27T13:26:09","slug":"francia-promulga-nueva-ley-migratoria","status":"publish","type":"post","link":"https:\/\/solidaridadnews.com\/?p=31536","title":{"rendered":"Francia promulga nueva ley migratoria"},"content":{"rendered":"<p>Par\u00eds. El presidente franc\u00e9s Emmanuel Macron promulg\u00f3 una nueva ley sobre migraci\u00f3n, public\u00f3 el s\u00e1bado el Diario Oficial, y las primeras instrucciones para su aplicaci\u00f3n fueron presentadas a las autoridades.<\/p>\n<p>La Corte Constitucional francesa hab\u00eda censurado varias disposiciones de la ley incluidas por insistencia de la derecha para, entre otras cosas, restringir el acceso a los beneficios sociales y endurecer criterios para la reagrupaci\u00f3n familiar.<\/p>\n<p>&nbsp;<\/p>\n","protected":false},"excerpt":{"rendered":"<p>Par\u00eds. El presidente franc\u00e9s Emmanuel Macron promulg\u00f3 una nueva ley sobre migraci\u00f3n, public\u00f3 el s\u00e1bado el Diario Oficial, y las primeras instrucciones para su aplicaci\u00f3n fueron presentadas a las autoridades. La Corte Constitucional francesa hab\u00eda censurado varias disposiciones de la ley incluidas por insistencia de la derecha para, entre otras cosas, restringir el acceso a [&hellip;]<\/p>\n","protected":false},"author":1,"featured_media":31538,"comment_status":"open","ping_status":"closed","sticky":false,"template":"","format":"standard","meta":{"footnotes":""},"categories":[9],"tags":[],"class_list":["post-31536","post","type-post","status-publish","format-standard","has-post-thumbnail","hentry","category-internacional"],"_links":{"self":[{"href":"https:\/\/solidaridadnews.com\/index.php?rest_route=\/wp\/v2\/posts\/31536","targetHints":{"allow":["GET"]}}],"collection":[{"href":"https:\/\/solidaridadnews.com\/index.php?rest_route=\/wp\/v2\/posts"}],"about":[{"href":"https:\/\/solidaridadnews.com\/index.php?rest_route=\/wp\/v2\/types\/post"}],"author":[{"embeddable":true,"href":"https:\/\/solidaridadnews.com\/index.php?rest_route=\/wp\/v2\/users\/1"}],"replies":[{"embeddable":true,"href":"https:\/\/solidaridadnews.com\/index.php?rest_route=%2Fwp%2Fv2%2Fcomments&post=31536"}],"version-history":[{"count":1,"href":"https:\/\/solidaridadnews.com\/index.php?rest_route=\/wp\/v2\/posts\/31536\/revisions"}],"predecessor-version":[{"id":31537,"href":"https:\/\/solidaridadnews.com\/index.php?rest_route=\/wp\/v2\/posts\/31536\/revisions\/31537"}],"wp:featuredmedia":[{"embeddable":true,"href":"https:\/\/solidaridadnews.com\/index.php?rest_route=\/wp\/v2\/media\/31538"}],"wp:attachment":[{"href":"https:\/\/solidaridadnews.com\/index.php?rest_route=%2Fwp%2Fv2%2Fmedia&parent=31536"}],"wp:term":[{"taxonomy":"category","embeddable":true,"href":"https:\/\/solidaridadnews.com\/index.php?rest_route=%2Fwp%2Fv2%2Fcategories&post=31536"},{"taxonomy":"post_tag","embeddable":true,"href":"https:\/\/solidaridadnews.com\/index.php?rest_route=%2Fwp%2Fv2%2Ftags&post=31536"}],"curies":[{"name":"wp","href":"https:\/\/api.w.org\/{rel}","templated":true}]}}