{"id":31518,"date":"2024-01-25T12:17:34","date_gmt":"2024-01-25T17:17:34","guid":{"rendered":"https:\/\/solidaridadnews.com\/?p=31518"},"modified":"2024-01-25T17:17:35","modified_gmt":"2024-01-25T17:17:35","slug":"mexicanos-dejan-de-hacer-ejercicio-y-practicar-deportes","status":"publish","type":"post","link":"https:\/\/solidaridadnews.com\/?p=31518","title":{"rendered":"Mexicanos dejan de hacer ejercicio y practicar deportes"},"content":{"rendered":"<p>En los \u00faltimos diez a\u00f1os disminuy\u00f3 en M\u00e9xico el porcentaje de poblaci\u00f3n f\u00edsicamente activa.<\/p>\n<p>El Instituto Nacional de Estad\u00edstica y Geograf\u00eda (Inegi) report\u00f3 que en 2023, el 39.8 por ciento de la poblaci\u00f3n de 18 a\u00f1os y m\u00e1s en \u00e1reas urbanas realiz\u00f3 ejercicio o practic\u00f3 alg\u00fan deporte en su tiempo libre.<\/p>\n<p>Dicho porcentaje disminuy\u00f3 en comparaci\u00f3n con los \u00faltimos diez a\u00f1os, siendo 5.6 puntos porcentuales menor con relaci\u00f3n al 45.4 por ciento de la poblaci\u00f3n activa en 2014.<\/p>\n<p>Del total de personas encuestadas, 23.6 por ciento realiz\u00f3 actividad f\u00edsica con un nivel suficiente para obtener beneficios a su salud, mientras que 15.3 por ciento hizo actividad f\u00edsica de forma insuficiente. El resto, 60.2 por ciento fue inactivo f\u00edsicamente.<\/p>\n<p>Por sexo, 46.5 por ciento de los hombres se consider\u00f3 activo f\u00edsicamente, contra un 34 por ciento de las mujeres.<\/p>\n<p>De entre quienes fueron activos f\u00edsicamente, 60.9 por ciento lo hizo en espacios p\u00fablicos como parques, campos y plazas para practicar deportes.<\/p>\n<p>Un 27.3 por ciento lo hizo en espacios privados como su lugar de trabajo o estudio.<\/p>\n<p>Siete de cada 10 personas tuvieron mantener o mejorar su salud como principal motivo para ser activos f\u00edsicamente.<\/p>\n<p>En el lado contrario, 48.7 por ciento de la poblaci\u00f3n inactiva asegur\u00f3 que no realiz\u00f3 ejercicio o practic\u00f3 alg\u00fan deporte por falta de tiempo. El cansancio por el trabajo y problemas de salud fueron las siguientes razones m\u00e1s comunes.<\/p>\n","protected":false},"excerpt":{"rendered":"<p>En los \u00faltimos diez a\u00f1os disminuy\u00f3 en M\u00e9xico el porcentaje de poblaci\u00f3n f\u00edsicamente activa. El Instituto Nacional de Estad\u00edstica y Geograf\u00eda (Inegi) report\u00f3 que en 2023, el 39.8 por ciento de la poblaci\u00f3n de 18 a\u00f1os y m\u00e1s en \u00e1reas urbanas realiz\u00f3 ejercicio o practic\u00f3 alg\u00fan deporte en su tiempo libre. Dicho porcentaje disminuy\u00f3 en [&hellip;]<\/p>\n","protected":false},"author":1,"featured_media":31520,"comment_status":"open","ping_status":"closed","sticky":false,"template":"","format":"standard","meta":{"footnotes":""},"categories":[2],"tags":[],"class_list":["post-31518","post","type-post","status-publish","format-standard","has-post-thumbnail","hentry","category-nacional"],"_links":{"self":[{"href":"https:\/\/solidaridadnews.com\/index.php?rest_route=\/wp\/v2\/posts\/31518","targetHints":{"allow":["GET"]}}],"collection":[{"href":"https:\/\/solidaridadnews.com\/index.php?rest_route=\/wp\/v2\/posts"}],"about":[{"href":"https:\/\/solidaridadnews.com\/index.php?rest_route=\/wp\/v2\/types\/post"}],"author":[{"embeddable":true,"href":"https:\/\/solidaridadnews.com\/index.php?rest_route=\/wp\/v2\/users\/1"}],"replies":[{"embeddable":true,"href":"https:\/\/solidaridadnews.com\/index.php?rest_route=%2Fwp%2Fv2%2Fcomments&post=31518"}],"version-history":[{"count":1,"href":"https:\/\/solidaridadnews.com\/index.php?rest_route=\/wp\/v2\/posts\/31518\/revisions"}],"predecessor-version":[{"id":31519,"href":"https:\/\/solidaridadnews.com\/index.php?rest_route=\/wp\/v2\/posts\/31518\/revisions\/31519"}],"wp:featuredmedia":[{"embeddable":true,"href":"https:\/\/solidaridadnews.com\/index.php?rest_route=\/wp\/v2\/media\/31520"}],"wp:attachment":[{"href":"https:\/\/solidaridadnews.com\/index.php?rest_route=%2Fwp%2Fv2%2Fmedia&parent=31518"}],"wp:term":[{"taxonomy":"category","embeddable":true,"href":"https:\/\/solidaridadnews.com\/index.php?rest_route=%2Fwp%2Fv2%2Fcategories&post=31518"},{"taxonomy":"post_tag","embeddable":true,"href":"https:\/\/solidaridadnews.com\/index.php?rest_route=%2Fwp%2Fv2%2Ftags&post=31518"}],"curies":[{"name":"wp","href":"https:\/\/api.w.org\/{rel}","templated":true}]}}