{"id":31509,"date":"2024-01-23T12:19:09","date_gmt":"2024-01-23T17:19:09","guid":{"rendered":"https:\/\/solidaridadnews.com\/?p=31509"},"modified":"2024-01-23T17:19:10","modified_gmt":"2024-01-23T17:19:10","slug":"oms-alerta-por-aumento-alarmante-de-sarampion","status":"publish","type":"post","link":"https:\/\/solidaridadnews.com\/?p=31509","title":{"rendered":"OMS alerta por aumento &#8216;alarmante&#8217; de sarampi\u00f3n"},"content":{"rendered":"<p>La regi\u00f3n europea de la Organizaci\u00f3n Mundial de la Salud (OMS) sufri\u00f3 una subida \u00abalarmante\u00bb de casos de sarampi\u00f3n en los \u00faltimos meses, advirti\u00f3 hoy esta organizaci\u00f3n, que reclama un impulso a la vacunaci\u00f3n para frenar el contagio.<\/p>\n<p>M\u00e1s de 30,000 casos fueron registrados en 40 de los 53 pa\u00edses de la regi\u00f3n -que incluye a Rusia y varias rep\u00fablicas exsovi\u00e9ticas- entre enero y octubre del a\u00f1o pasado, un incremento interanual superior al 30%.<\/p>\n<p>En un comunicado, la OMS-Europa advirti\u00f3 que los casos de sarampi\u00f3n pueden aumentar si no se adoptan medidas regionales.<\/p>\n<p>La subida se ha acelerado en meses recientes y se espera que esta tendencia contin\u00fae si no se adoptan medidas urgentes en la regi\u00f3n.<\/p>\n<p>En ese per\u00edodo hubo 20,918 hospitalizaciones por sarampi\u00f3n y cinco muertes en dos pa\u00edses.<\/p>\n<p>El resurgimiento del sarampi\u00f3n obedece sobre todo a una ca\u00edda en la cobertura de vacunaci\u00f3n entre 2020 y 2022 debido a la pandemia de coronavirus: del 96% con primera dosis en 2019 se pas\u00f3 al 93% tres a\u00f1os despu\u00e9s; y con la segunda la cifra baj\u00f3 del 92% en 2019 al 91% en 2022.<\/p>\n<p>La OMS estima que m\u00e1s de 1.8 ni\u00f1os en la regi\u00f3n no se vacunaron contra el sarampi\u00f3n entre 2020 y 2022.<\/p>\n<p>La eliminaci\u00f3n de las restricciones de salud p\u00fablica y a los viajes relacionadas con la pandemia ha aumentado adem\u00e1s el riesgo de contagio transfronterizo.<\/p>\n<p>Sarampi\u00f3n regresa a pa\u00edses en los que ya se hab\u00eda erradicado<br \/>\nEn muchos pa\u00edses donde se hab\u00eda declarado erradicado el sarampi\u00f3n se han registrado ahora casos y hay riesgo de brotes por importaci\u00f3n del virus.<\/p>\n<p>El director de OMS-Europa, Hans Kluge, calific\u00f3 de \u00abpreocupante\u00bb la tendencia y resalt\u00f3 que la \u00fanica forma de proteger a los ni\u00f1os de esta enfermedad es a trav\u00e9s de la vacunaci\u00f3n.<\/p>\n<p>Se necesita un impulso urgente a la vacunaci\u00f3n para frenar la transmisi\u00f3n y prevenir un mayor contagio. Es vital que todos los pa\u00edses est\u00e9n listos para detectar de modo r\u00e1pido los brotes de sarampi\u00f3n, que podr\u00edan poner en peligro los avances hacia la eliminaci\u00f3n de esta enfermedad.<\/p>\n","protected":false},"excerpt":{"rendered":"<p>La regi\u00f3n europea de la Organizaci\u00f3n Mundial de la Salud (OMS) sufri\u00f3 una subida \u00abalarmante\u00bb de casos de sarampi\u00f3n en los \u00faltimos meses, advirti\u00f3 hoy esta organizaci\u00f3n, que reclama un impulso a la vacunaci\u00f3n para frenar el contagio. M\u00e1s de 30,000 casos fueron registrados en 40 de los 53 pa\u00edses de la regi\u00f3n -que incluye [&hellip;]<\/p>\n","protected":false},"author":1,"featured_media":31511,"comment_status":"open","ping_status":"closed","sticky":false,"template":"","format":"standard","meta":{"footnotes":""},"categories":[13],"tags":[],"class_list":["post-31509","post","type-post","status-publish","format-standard","has-post-thumbnail","hentry","category-salud"],"_links":{"self":[{"href":"https:\/\/solidaridadnews.com\/index.php?rest_route=\/wp\/v2\/posts\/31509","targetHints":{"allow":["GET"]}}],"collection":[{"href":"https:\/\/solidaridadnews.com\/index.php?rest_route=\/wp\/v2\/posts"}],"about":[{"href":"https:\/\/solidaridadnews.com\/index.php?rest_route=\/wp\/v2\/types\/post"}],"author":[{"embeddable":true,"href":"https:\/\/solidaridadnews.com\/index.php?rest_route=\/wp\/v2\/users\/1"}],"replies":[{"embeddable":true,"href":"https:\/\/solidaridadnews.com\/index.php?rest_route=%2Fwp%2Fv2%2Fcomments&post=31509"}],"version-history":[{"count":1,"href":"https:\/\/solidaridadnews.com\/index.php?rest_route=\/wp\/v2\/posts\/31509\/revisions"}],"predecessor-version":[{"id":31510,"href":"https:\/\/solidaridadnews.com\/index.php?rest_route=\/wp\/v2\/posts\/31509\/revisions\/31510"}],"wp:featuredmedia":[{"embeddable":true,"href":"https:\/\/solidaridadnews.com\/index.php?rest_route=\/wp\/v2\/media\/31511"}],"wp:attachment":[{"href":"https:\/\/solidaridadnews.com\/index.php?rest_route=%2Fwp%2Fv2%2Fmedia&parent=31509"}],"wp:term":[{"taxonomy":"category","embeddable":true,"href":"https:\/\/solidaridadnews.com\/index.php?rest_route=%2Fwp%2Fv2%2Fcategories&post=31509"},{"taxonomy":"post_tag","embeddable":true,"href":"https:\/\/solidaridadnews.com\/index.php?rest_route=%2Fwp%2Fv2%2Ftags&post=31509"}],"curies":[{"name":"wp","href":"https:\/\/api.w.org\/{rel}","templated":true}]}}