{"id":31503,"date":"2024-01-23T12:05:02","date_gmt":"2024-01-23T17:05:02","guid":{"rendered":"https:\/\/solidaridadnews.com\/?p=31503"},"modified":"2024-01-23T17:05:04","modified_gmt":"2024-01-23T17:05:04","slug":"el-campeon-inicia-defensa-de-la-corona-en-cancun","status":"publish","type":"post","link":"https:\/\/solidaridadnews.com\/?p=31503","title":{"rendered":"El campe\u00f3n inicia defensa de la corona en Canc\u00fan"},"content":{"rendered":"<p>El campe\u00f3n Inter Playa del Carmen iniciar\u00e1 este martes la defensa de su t\u00edtulo en la Copa Conecta, cuando visite a Pioneros Junior de la Liga Tercera Divisi\u00f3n Profesional (TDP), a las 15:00 horas en el estadio \u201cCanc\u00fan 86\u201d, en duelo de la Etapa 1.<\/p>\n<p>La Copa Conecta es un proyecto conjunto de la Liga Premier (12 equipos) y la Liga TDP (20 equipos) e in\u00e9dita para ambas categor\u00edas que busca enriquecer el desarrollo de jugadores y clubes de ambas Ligas en su camino a categor\u00edas superiores.<\/p>\n<p>Consta de cinco etapas, incluida la Gran Final, en donde los duelos se disputan en la sede del club de menor categor\u00eda y se definir\u00e1n a un s\u00f3lo partido, en los cuales en caso de empate en el marcador se proceder\u00e1 a la ejecuci\u00f3n de tiros penales.<\/p>\n<p>El Inter Playa del Carmen de la Serie \u2018A\u2019 de la Liga Premier llega a este compromiso luego de empatar en casa 1-1 ante Halcones de Zapopan FC en su presentaci\u00f3n en la segunda vuelta y ubicado en el quinto lugar del Grupo 2 con 35 puntos<\/p>\n<p>Por su parte, Pioneros Junior bajo el mando del profesor Jos\u00e9 Mercado se apresta para reapercer en la segunda vuelta de la Liga TDP donde concluy\u00f3 como primer lugar del Grupo 1 con 33 unidades lo que le dio el boleto a la Copa Conecta.<\/p>\n<p>Cabe recordar que el club dirigido por Carlos Bracamontes se coron\u00f3 en la segunda edici\u00f3n de la Copa Conecta consiguiendo su segundo t\u00edtulo profesional del futbol mexicano ganando en la Gran Final 2-0 al Club Calor en Monclova, Coahuila, el pasado 13 de marzo.<\/p>\n<p>Los playenses hab\u00edan dejado en el camino 2-1 a Pioneros de Canc\u00fan FC (Serie B), 3-1 a Deportiva Venados (Serie A), a Alebrijes de Oaxaca (Serie B) en tanda de penales (5-4) tras un 0-0 y 4-1 a Petroleros de Poza Rica en Semifinales.<\/p>\n","protected":false},"excerpt":{"rendered":"<p>El campe\u00f3n Inter Playa del Carmen iniciar\u00e1 este martes la defensa de su t\u00edtulo en la Copa Conecta, cuando visite a Pioneros Junior de la Liga Tercera Divisi\u00f3n Profesional (TDP), a las 15:00 horas en el estadio \u201cCanc\u00fan 86\u201d, en duelo de la Etapa 1. La Copa Conecta es un proyecto conjunto de la Liga [&hellip;]<\/p>\n","protected":false},"author":1,"featured_media":31505,"comment_status":"open","ping_status":"closed","sticky":false,"template":"","format":"standard","meta":{"footnotes":""},"categories":[6],"tags":[],"class_list":["post-31503","post","type-post","status-publish","format-standard","has-post-thumbnail","hentry","category-deportes"],"_links":{"self":[{"href":"https:\/\/solidaridadnews.com\/index.php?rest_route=\/wp\/v2\/posts\/31503","targetHints":{"allow":["GET"]}}],"collection":[{"href":"https:\/\/solidaridadnews.com\/index.php?rest_route=\/wp\/v2\/posts"}],"about":[{"href":"https:\/\/solidaridadnews.com\/index.php?rest_route=\/wp\/v2\/types\/post"}],"author":[{"embeddable":true,"href":"https:\/\/solidaridadnews.com\/index.php?rest_route=\/wp\/v2\/users\/1"}],"replies":[{"embeddable":true,"href":"https:\/\/solidaridadnews.com\/index.php?rest_route=%2Fwp%2Fv2%2Fcomments&post=31503"}],"version-history":[{"count":1,"href":"https:\/\/solidaridadnews.com\/index.php?rest_route=\/wp\/v2\/posts\/31503\/revisions"}],"predecessor-version":[{"id":31504,"href":"https:\/\/solidaridadnews.com\/index.php?rest_route=\/wp\/v2\/posts\/31503\/revisions\/31504"}],"wp:featuredmedia":[{"embeddable":true,"href":"https:\/\/solidaridadnews.com\/index.php?rest_route=\/wp\/v2\/media\/31505"}],"wp:attachment":[{"href":"https:\/\/solidaridadnews.com\/index.php?rest_route=%2Fwp%2Fv2%2Fmedia&parent=31503"}],"wp:term":[{"taxonomy":"category","embeddable":true,"href":"https:\/\/solidaridadnews.com\/index.php?rest_route=%2Fwp%2Fv2%2Fcategories&post=31503"},{"taxonomy":"post_tag","embeddable":true,"href":"https:\/\/solidaridadnews.com\/index.php?rest_route=%2Fwp%2Fv2%2Ftags&post=31503"}],"curies":[{"name":"wp","href":"https:\/\/api.w.org\/{rel}","templated":true}]}}