{"id":31500,"date":"2024-01-23T11:58:12","date_gmt":"2024-01-23T16:58:12","guid":{"rendered":"https:\/\/solidaridadnews.com\/?p=31500"},"modified":"2024-01-23T16:58:13","modified_gmt":"2024-01-23T16:58:13","slug":"gobierno-invita-a-la-feria-del-tamal-y-del-atole-2024","status":"publish","type":"post","link":"https:\/\/solidaridadnews.com\/?p=31500","title":{"rendered":"Gobierno invita a la \u201cFeria del Tamal y del Atole 2024\u201d"},"content":{"rendered":"<blockquote>\n<div dir=\"ltr\">Con el respaldo de la presidenta Lili Campos, el pr\u00f3ximo 2 de febrero se realizar\u00e1 la 9\u00aa \u201cFeria del Tamal y del Atole 2024\u201d en la explanada de la plaza \u201c28 de Julio\u201d, de 4 de la tarde a 10 de la noche.<\/p>\n<p>Para participar en el rescate de tradiciones y costumbres, el gobierno municipal, a trav\u00e9s de la secretar\u00eda de Desarrollo Econ\u00f3mico y de Atracci\u00f3n de Inversiones, invita a toda la poblaci\u00f3n en general a apoyar este evento, que se va convirtiendo en una incubadora de negocios.<\/p>\n<p>En rueda de prensa, los organizadores \u00c1ngela Canul y H\u00e9ctor Escobedo anunciaron que se inscribieron m\u00e1s de 60 participantes de diferentes estados y pa\u00edses, quienes expondr\u00e1n y compartir\u00e1n sus tradicionales recetas, algunas de ellas ancestrales. Asimismo, informaron que la convocatoria fue todo un \u00e9xito y ya est\u00e1 cerrada.<\/p>\n<p>Todos los participantes expondr\u00e1n y vender\u00e1n sus productos, que sumar\u00e1n m\u00e1s de 35 mil tamales. Se espera una gran afluencia de entre 2 mil a 3 mil personas, con la proyecci\u00f3n de alcanzar una derrama econ\u00f3mica de un mill\u00f3n de pesos.<\/p>\n<p>Durante el evento, se llevar\u00e1n a cabo concursos para premiar el mejor tamal y el mejor atole, con 10 mil pesos para el primer lugar, 7 mil para el segundo y 5 mil para el tercer lugar. Cabe destacar que, en esta novena edici\u00f3n, habr\u00e1 un premio sorpresa de 5 mil pesos. Adem\u00e1s, habr\u00e1 un divertido concurso \u201cPremio Comel\u00f3n\u201d, en el que el participante que consuma la mayor cantidad de tamales en cuatro minutos ganar\u00e1 5 mil pesos.<\/p>\n<p>Es importante mencionar que en el concurso se calificar\u00e1: textura, presentaci\u00f3n y sabor. Dentro de los jueces se contar\u00e1 con el apoyo de los chefs de: Valent\u00edn Imperial, del Circo Soley, el corporativo de Blue Bay, Dorados Maroma y del restaurante Boston.<\/p><\/div>\n<\/blockquote>\n","protected":false},"excerpt":{"rendered":"<p>Con el respaldo de la presidenta Lili Campos, el pr\u00f3ximo 2 de febrero se realizar\u00e1 la 9\u00aa \u201cFeria del Tamal y del Atole 2024\u201d en la explanada de la plaza \u201c28 de Julio\u201d, de 4 de la tarde a 10 de la noche. Para participar en el rescate de tradiciones y costumbres, el gobierno municipal, [&hellip;]<\/p>\n","protected":false},"author":1,"featured_media":31502,"comment_status":"open","ping_status":"closed","sticky":false,"template":"","format":"standard","meta":{"footnotes":""},"categories":[4],"tags":[],"class_list":["post-31500","post","type-post","status-publish","format-standard","has-post-thumbnail","hentry","category-local"],"_links":{"self":[{"href":"https:\/\/solidaridadnews.com\/index.php?rest_route=\/wp\/v2\/posts\/31500","targetHints":{"allow":["GET"]}}],"collection":[{"href":"https:\/\/solidaridadnews.com\/index.php?rest_route=\/wp\/v2\/posts"}],"about":[{"href":"https:\/\/solidaridadnews.com\/index.php?rest_route=\/wp\/v2\/types\/post"}],"author":[{"embeddable":true,"href":"https:\/\/solidaridadnews.com\/index.php?rest_route=\/wp\/v2\/users\/1"}],"replies":[{"embeddable":true,"href":"https:\/\/solidaridadnews.com\/index.php?rest_route=%2Fwp%2Fv2%2Fcomments&post=31500"}],"version-history":[{"count":1,"href":"https:\/\/solidaridadnews.com\/index.php?rest_route=\/wp\/v2\/posts\/31500\/revisions"}],"predecessor-version":[{"id":31501,"href":"https:\/\/solidaridadnews.com\/index.php?rest_route=\/wp\/v2\/posts\/31500\/revisions\/31501"}],"wp:featuredmedia":[{"embeddable":true,"href":"https:\/\/solidaridadnews.com\/index.php?rest_route=\/wp\/v2\/media\/31502"}],"wp:attachment":[{"href":"https:\/\/solidaridadnews.com\/index.php?rest_route=%2Fwp%2Fv2%2Fmedia&parent=31500"}],"wp:term":[{"taxonomy":"category","embeddable":true,"href":"https:\/\/solidaridadnews.com\/index.php?rest_route=%2Fwp%2Fv2%2Fcategories&post=31500"},{"taxonomy":"post_tag","embeddable":true,"href":"https:\/\/solidaridadnews.com\/index.php?rest_route=%2Fwp%2Fv2%2Ftags&post=31500"}],"curies":[{"name":"wp","href":"https:\/\/api.w.org\/{rel}","templated":true}]}}