{"id":31479,"date":"2024-01-22T13:12:26","date_gmt":"2024-01-22T18:12:26","guid":{"rendered":"https:\/\/solidaridadnews.com\/?p=31479"},"modified":"2024-01-22T18:12:28","modified_gmt":"2024-01-22T18:12:28","slug":"atencion-preventiva-a-la-salud-mental-que-frena-adicciones","status":"publish","type":"post","link":"https:\/\/solidaridadnews.com\/?p=31479","title":{"rendered":"Atenci\u00f3n preventiva a la salud mental que frena adicciones"},"content":{"rendered":"<p>La implementaci\u00f3n de atenci\u00f3n a problemas de salud mental y emocional desde los Centros de Integraci\u00f3n Juvenil (CIJ) fue efectiva para prevenir adicciones, seg\u00fan Alfredo Hatchett Anaya, responsable del programa de tratamiento y rehabilitaci\u00f3n en el CIJ.<\/p>\n<p>Indic\u00f3 que el 60% de los casos atendidos en 2020 y 2021 estaban relacionados con problemas de salud mental, lo cual fue beneficioso al evitar que las personas afectadas recurrieran al consumo de drogas.<\/p>\n<p>Durante la pandemia, se observ\u00f3 un aumento significativo en trastornos de ansiedad y depresivos, y el CIJ ampli\u00f3 sus servicios para abordar estas problem\u00e1ticas.<\/p>\n<p>La capacitaci\u00f3n del personal m\u00e9dico y psicol\u00f3gico permiti\u00f3 ofrecer atenci\u00f3n no solo a quienes tienen problemas de drogas, sino tambi\u00e9n a aquellos con trastornos mentales. La estrategia NH gap de la Organizaci\u00f3n Mundial de la Salud fue implementada para reducir la brecha entre las necesidades de salud mental y la oferta de servicios.<\/p>\n<p>Se increment\u00f3 la atenci\u00f3n a j\u00f3venes y ni\u00f1os, siendo estos m\u00e1s propensos a desarrollar trastornos mentales que podr\u00edan derivar en problemas graves, ya que el consumo de drogas a veces se utiliza como \u00abautomedicaci\u00f3n\u00bb.<\/p>\n<p>En 2023, se observ\u00f3 un equilibrio en la atenci\u00f3n, invirti\u00e9ndose la proporci\u00f3n a favor de problemas de consumo (60%) y salud mental (40%). El CIJ atiende principalmente a adolescentes de 16 a 20 a\u00f1os, pero brinda apoyo a personas de todas las edades.<\/p>\n","protected":false},"excerpt":{"rendered":"<p>La implementaci\u00f3n de atenci\u00f3n a problemas de salud mental y emocional desde los Centros de Integraci\u00f3n Juvenil (CIJ) fue efectiva para prevenir adicciones, seg\u00fan Alfredo Hatchett Anaya, responsable del programa de tratamiento y rehabilitaci\u00f3n en el CIJ. Indic\u00f3 que el 60% de los casos atendidos en 2020 y 2021 estaban relacionados con problemas de salud [&hellip;]<\/p>\n","protected":false},"author":1,"featured_media":31481,"comment_status":"open","ping_status":"closed","sticky":false,"template":"","format":"standard","meta":{"footnotes":""},"categories":[5],"tags":[],"class_list":["post-31479","post","type-post","status-publish","format-standard","has-post-thumbnail","hentry","category-quintana-roo"],"_links":{"self":[{"href":"https:\/\/solidaridadnews.com\/index.php?rest_route=\/wp\/v2\/posts\/31479","targetHints":{"allow":["GET"]}}],"collection":[{"href":"https:\/\/solidaridadnews.com\/index.php?rest_route=\/wp\/v2\/posts"}],"about":[{"href":"https:\/\/solidaridadnews.com\/index.php?rest_route=\/wp\/v2\/types\/post"}],"author":[{"embeddable":true,"href":"https:\/\/solidaridadnews.com\/index.php?rest_route=\/wp\/v2\/users\/1"}],"replies":[{"embeddable":true,"href":"https:\/\/solidaridadnews.com\/index.php?rest_route=%2Fwp%2Fv2%2Fcomments&post=31479"}],"version-history":[{"count":1,"href":"https:\/\/solidaridadnews.com\/index.php?rest_route=\/wp\/v2\/posts\/31479\/revisions"}],"predecessor-version":[{"id":31480,"href":"https:\/\/solidaridadnews.com\/index.php?rest_route=\/wp\/v2\/posts\/31479\/revisions\/31480"}],"wp:featuredmedia":[{"embeddable":true,"href":"https:\/\/solidaridadnews.com\/index.php?rest_route=\/wp\/v2\/media\/31481"}],"wp:attachment":[{"href":"https:\/\/solidaridadnews.com\/index.php?rest_route=%2Fwp%2Fv2%2Fmedia&parent=31479"}],"wp:term":[{"taxonomy":"category","embeddable":true,"href":"https:\/\/solidaridadnews.com\/index.php?rest_route=%2Fwp%2Fv2%2Fcategories&post=31479"},{"taxonomy":"post_tag","embeddable":true,"href":"https:\/\/solidaridadnews.com\/index.php?rest_route=%2Fwp%2Fv2%2Ftags&post=31479"}],"curies":[{"name":"wp","href":"https:\/\/api.w.org\/{rel}","templated":true}]}}