{"id":31398,"date":"2024-01-16T10:07:06","date_gmt":"2024-01-16T15:07:06","guid":{"rendered":"https:\/\/solidaridadnews.com\/?p=31398"},"modified":"2024-01-16T15:07:08","modified_gmt":"2024-01-16T15:07:08","slug":"celebra-aguakan-exitosa-segunda-edicion-de-la-carrera-kids-por-el-agua-2024","status":"publish","type":"post","link":"https:\/\/solidaridadnews.com\/?p=31398","title":{"rendered":"Celebra Aguakan exitosa segunda edici\u00f3n de la \u201cCarrera Kids por el Agua 2024\u201d"},"content":{"rendered":"<p class=\"p1\">Con entusiasmo y un compromiso renovado por la conciencia ambiental, Aguakan concluy\u00f3 la segunda edici\u00f3n de la \u201cCarrera Kids por el Agua 2024\u201d. Siguiendo el \u00e9xito del evento en 2022, Aguakan ampli\u00f3 su alcance, llevando a cabo la carrera tanto en Canc\u00fan como en Playa del Carmen.<\/p>\n<p class=\"p1\"><span class=\"s1\">El vibrante cierre de la carrera tuvo lugar en Playa del Carmen el pasado 13 de enero, en el Deportivo Colosio, con la participaci\u00f3n activa de m\u00e1s de 300 ni\u00f1os y ni\u00f1as, de edades comprendidas entre 5 y 12 a\u00f1os. Los participantes disfrutaron de un emocionante circuito de juegos y sorpresas, brindando a las familias una experiencia inolvidable.<\/span><\/p>\n<p class=\"p1\"><span class=\"s1\">Alejandra Mayorga, Coordinadora de Relaciones con la Comunidad de Aguakan, destac\u00f3: \u201cLa \u2018Carrera Kids por el Agua\u2019 es m\u00e1s que un evento; es una oportunidad para sembrar las semillas de conciencia ambiental en los m\u00e1s j\u00f3venes. Estamos comprometidos en educar y empoderar a las futuras generaciones para que se conviertan en guardianes del agua\u201d.<\/span><\/p>\n<p class=\"p1\"><span class=\"s1\">Esta iniciativa valiosa se consolida como un esfuerzo de Aguakan para educar y concientizar a los m\u00e1s peque\u00f1os sobre el valor del agua y la importancia de su cuidado. Al involucrar a toda la familia, la \u201cCarrera Kids por el Agua\u201d contribuye significativamente a fortalecer los lazos familiares y difundir el mensaje crucial del cuidado del agua en la comunidad.<\/span><\/p>\n<p class=\"p1\"><span class=\"s1\">Karla D\u00edaz, una madre participante, expres\u00f3: \u201cNos sorprendi\u00f3 gratamente la \u2018Carrera Kids por el Agua\u2019. Fue un d\u00eda lleno de juegos y diversi\u00f3n para toda la familia. Nuestros ni\u00f1os disfrutaron cada momento, y nosotros como padres, apreciamos la educaci\u00f3n sobre el agua de una manera tan entretenida\u201d.<\/span><\/p>\n<p class=\"p1\"><span class=\"s1\">Aguakan agradece la entusiasta participaci\u00f3n de la comunidad, subrayando el compromiso conjunto en la preservaci\u00f3n de este recurso vital y reafirmando su dedicaci\u00f3n a la educaci\u00f3n ambiental mediante actividades que fomentan pr\u00e1cticas sostenibles para los quintanarroenses.<\/span><\/p>\n","protected":false},"excerpt":{"rendered":"<p>Con entusiasmo y un compromiso renovado por la conciencia ambiental, Aguakan concluy\u00f3 la segunda edici\u00f3n de la \u201cCarrera Kids por el Agua 2024\u201d. Siguiendo el \u00e9xito del evento en 2022, Aguakan ampli\u00f3 su alcance, llevando a cabo la carrera tanto en Canc\u00fan como en Playa del Carmen. El vibrante cierre de la carrera tuvo lugar [&hellip;]<\/p>\n","protected":false},"author":1,"featured_media":31400,"comment_status":"open","ping_status":"closed","sticky":false,"template":"","format":"standard","meta":{"footnotes":""},"categories":[4],"tags":[],"class_list":["post-31398","post","type-post","status-publish","format-standard","has-post-thumbnail","hentry","category-local"],"_links":{"self":[{"href":"https:\/\/solidaridadnews.com\/index.php?rest_route=\/wp\/v2\/posts\/31398","targetHints":{"allow":["GET"]}}],"collection":[{"href":"https:\/\/solidaridadnews.com\/index.php?rest_route=\/wp\/v2\/posts"}],"about":[{"href":"https:\/\/solidaridadnews.com\/index.php?rest_route=\/wp\/v2\/types\/post"}],"author":[{"embeddable":true,"href":"https:\/\/solidaridadnews.com\/index.php?rest_route=\/wp\/v2\/users\/1"}],"replies":[{"embeddable":true,"href":"https:\/\/solidaridadnews.com\/index.php?rest_route=%2Fwp%2Fv2%2Fcomments&post=31398"}],"version-history":[{"count":1,"href":"https:\/\/solidaridadnews.com\/index.php?rest_route=\/wp\/v2\/posts\/31398\/revisions"}],"predecessor-version":[{"id":31399,"href":"https:\/\/solidaridadnews.com\/index.php?rest_route=\/wp\/v2\/posts\/31398\/revisions\/31399"}],"wp:featuredmedia":[{"embeddable":true,"href":"https:\/\/solidaridadnews.com\/index.php?rest_route=\/wp\/v2\/media\/31400"}],"wp:attachment":[{"href":"https:\/\/solidaridadnews.com\/index.php?rest_route=%2Fwp%2Fv2%2Fmedia&parent=31398"}],"wp:term":[{"taxonomy":"category","embeddable":true,"href":"https:\/\/solidaridadnews.com\/index.php?rest_route=%2Fwp%2Fv2%2Fcategories&post=31398"},{"taxonomy":"post_tag","embeddable":true,"href":"https:\/\/solidaridadnews.com\/index.php?rest_route=%2Fwp%2Fv2%2Ftags&post=31398"}],"curies":[{"name":"wp","href":"https:\/\/api.w.org\/{rel}","templated":true}]}}