{"id":31395,"date":"2024-01-16T10:04:57","date_gmt":"2024-01-16T15:04:57","guid":{"rendered":"https:\/\/solidaridadnews.com\/?p=31395"},"modified":"2024-01-16T15:04:58","modified_gmt":"2024-01-16T15:04:58","slug":"continua-en-niveles-preocupantes-el-ciberacoso-entre-estudiantes-de-playa-del-carmen","status":"publish","type":"post","link":"https:\/\/solidaridadnews.com\/?p=31395","title":{"rendered":"Contin\u00faa en niveles preocupantes, el ciberacoso entre estudiantes de Playa del Carmen"},"content":{"rendered":"<p>Alrededor 35 casos de acoso han sido denunciados en escuelas de nivel b\u00e1sico de la ciudad en 2023, revel\u00f3 Javier Basulto Campos, director de Educaci\u00f3n, Desarrollo Humano y Bibliotecas P\u00fablicas de Solidaridad.<\/p>\n<p>Entrevistado al respecto, Basulto Campos indic\u00f3 que el mayor n\u00famero de casos tuvieron que ver con ciberacosos, principalmente entre estudiantes de nivel secundaria.<\/p>\n<p>Expres\u00f3 que, a ra\u00edz de estas denuncias, personal de la Fiscal\u00eda General del Estado acudi\u00f3 a las escuelas para impartir pl\u00e1ticas a los estudiantes y advertirles de que estas pr\u00e1cticas no son un juego, sino un delito, adem\u00e1s de hacerlos conscientes sobre las sanciones a las que se pod\u00edan hacer acreedores.<\/p>\n<p>\u201cHubo buenos resultados y se hizo conciencia entre los j\u00f3venes de que este tipo de pr\u00e1cticas son nocivas y no son adecuadas, adem\u00e1s de que generan da\u00f1os a sus compa\u00f1eros y a ellos mismos y pueden tener repercusiones legales\u201d, expres\u00f3.<\/p>\n<p>Cuestionado sobre los lugares con m\u00e1s prevalencia, admiti\u00f3 que las escuelas de Villas del Sol son las que arrojan un mayor n\u00famero de casos, debido a su fuerte crecimiento.<\/p>\n<p>El funcionario resalt\u00f3 que, a pesar de estas cifras, las denuncias por acoso en las escuelas de la ciudad disminuyeron en comparaci\u00f3n con el 2022, \u201chan seguido ocurriendo, pero notamos una menor frecuencia en los indicadores\u201d, agreg\u00f3.<\/p>\n<p>En este sentido, hizo un exhorto a los padres de familia para que est\u00e9n al pendiente del comportamiento de sus hijos y se acerquen a los docentes para que est\u00e9n enterados sobre el entorno escolar de sus hijos.<\/p>\n","protected":false},"excerpt":{"rendered":"<p>Alrededor 35 casos de acoso han sido denunciados en escuelas de nivel b\u00e1sico de la ciudad en 2023, revel\u00f3 Javier Basulto Campos, director de Educaci\u00f3n, Desarrollo Humano y Bibliotecas P\u00fablicas de Solidaridad. Entrevistado al respecto, Basulto Campos indic\u00f3 que el mayor n\u00famero de casos tuvieron que ver con ciberacosos, principalmente entre estudiantes de nivel secundaria. [&hellip;]<\/p>\n","protected":false},"author":1,"featured_media":31397,"comment_status":"open","ping_status":"closed","sticky":false,"template":"","format":"standard","meta":{"footnotes":""},"categories":[4],"tags":[],"class_list":["post-31395","post","type-post","status-publish","format-standard","has-post-thumbnail","hentry","category-local"],"_links":{"self":[{"href":"https:\/\/solidaridadnews.com\/index.php?rest_route=\/wp\/v2\/posts\/31395","targetHints":{"allow":["GET"]}}],"collection":[{"href":"https:\/\/solidaridadnews.com\/index.php?rest_route=\/wp\/v2\/posts"}],"about":[{"href":"https:\/\/solidaridadnews.com\/index.php?rest_route=\/wp\/v2\/types\/post"}],"author":[{"embeddable":true,"href":"https:\/\/solidaridadnews.com\/index.php?rest_route=\/wp\/v2\/users\/1"}],"replies":[{"embeddable":true,"href":"https:\/\/solidaridadnews.com\/index.php?rest_route=%2Fwp%2Fv2%2Fcomments&post=31395"}],"version-history":[{"count":1,"href":"https:\/\/solidaridadnews.com\/index.php?rest_route=\/wp\/v2\/posts\/31395\/revisions"}],"predecessor-version":[{"id":31396,"href":"https:\/\/solidaridadnews.com\/index.php?rest_route=\/wp\/v2\/posts\/31395\/revisions\/31396"}],"wp:featuredmedia":[{"embeddable":true,"href":"https:\/\/solidaridadnews.com\/index.php?rest_route=\/wp\/v2\/media\/31397"}],"wp:attachment":[{"href":"https:\/\/solidaridadnews.com\/index.php?rest_route=%2Fwp%2Fv2%2Fmedia&parent=31395"}],"wp:term":[{"taxonomy":"category","embeddable":true,"href":"https:\/\/solidaridadnews.com\/index.php?rest_route=%2Fwp%2Fv2%2Fcategories&post=31395"},{"taxonomy":"post_tag","embeddable":true,"href":"https:\/\/solidaridadnews.com\/index.php?rest_route=%2Fwp%2Fv2%2Ftags&post=31395"}],"curies":[{"name":"wp","href":"https:\/\/api.w.org\/{rel}","templated":true}]}}