{"id":31389,"date":"2024-01-16T09:58:41","date_gmt":"2024-01-16T14:58:41","guid":{"rendered":"https:\/\/solidaridadnews.com\/?p=31389"},"modified":"2024-01-16T14:58:43","modified_gmt":"2024-01-16T14:58:43","slug":"bloquean-acceso-a-las-obras-del-tren-maya-en-playa-del-carmen","status":"publish","type":"post","link":"https:\/\/solidaridadnews.com\/?p=31389","title":{"rendered":"BLOQUEAN ACCESO A LAS OBRAS DEL TREN MAYA EN PLAYA DEL CARMEN"},"content":{"rendered":"<ul>\n<li>Se trata de posesionarios de la comunidad Vida y Esperanza, y otras aleda\u00f1as. En la Manifestaci\u00f3n de Impacto Ambiental (MIA) para la construcci\u00f3n del tramo 5 Norte, ya se adelantaba posibles afectaciones sociales en la zona<\/li>\n<\/ul>\n<p>Pobladores de la zona rural de Playa del Carmen iniciaron un bloqueo a las obras del Tren Maya tramo 5 Norte. Exigieron que el Gobierno Federal repare un acceso que qued\u00f3 da\u00f1ado durante los trabajos de la obra federal que ejecuta la Secretar\u00eda de la Defensa Nacional (SEDENA).<\/p>\n<p>El bloqueo tuvo una duraci\u00f3n de casi tres horas. Comenz\u00f3 alrededor de las 11 de la ma\u00f1ana del 15 de enero, tiempo de Quintana Roo. Durante la manifestaci\u00f3n, no se permiti\u00f3 el ingreso de unidades de construcci\u00f3n a ese tramo de la obra federal, la cual busca ser concluida y entregada el pr\u00f3ximo 29 de febrero, tal como lo prometi\u00f3 el presidente Andr\u00e9s Manuel L\u00f3pez Obrador.<\/p>\n<p>Se trata de posesionarios de la comunidad Vida y Esperanza, y otras aleda\u00f1as. En la Manifestaci\u00f3n de Impacto Ambiental (MIA) para la construcci\u00f3n del tramo 5 Norte, ya se adelantaba posibles afectaciones sociales en la zona.<\/p>\n<div class=\"zZpOSDn0\"><\/div>\n<p>Ah\u00ed habitan alrededor de 500 personas, quienes a ra\u00edz del inicio de la obra est\u00e1n encontrando un sinf\u00edn de problem\u00e1ticas relacionadas con su acceso.<\/p>\n<p>Juan Carlos Cobos \u00c1lvarez, presidente de la Asociaci\u00f3n de Productores Rurales del municipio de Solidaridad, con cabecera en Playa del Carmen, inform\u00f3 que piden tambi\u00e9n la regularizaci\u00f3n de los terrenos porque no cuentan con t\u00edtulo de propiedad.<\/p>\n<blockquote><p><em>\u201cLAS AUTORIDADES DE LOS TRES \u00d3RDENES DE GOBIERNO NO NOS EST\u00c1N CUMPLIENDO, HACE CINCO MESES QUE TUVIMOS LA NECESIDAD DE BLOQUEAR ESTE CAMINO PORQUE PR\u00c1CTICAMENTE HA SIDO DESTRUIDO. VINIERON AUTORIDADES DE LOS TRES \u00d3RDENES DE GOBIERNO Y SE COMPROMETIERON A ARREGLAR Y PAVIMENTAR, PERO LA VERDAD ES QUE NO HAN CUMPLIDO\u201d,<\/em>\u00a0SOSTUVO COBOS \u00c1LVAREZ.<\/p>\n<div class=\"woXlWjQu\"><\/div>\n<\/blockquote>\n<p>Al lugar llegaron efectivos de la Guardia Nacional, del Ej\u00e9rcito y de las polic\u00edas locales. Hubo cortes parciales a la circulaci\u00f3n de la carretera federal 307 debido a que algunos volquetes buscaron abandonar la zona.<\/p>\n<p>El punto se encuentra frente a complejos hoteleros de la Riviera Maya. Ese punto es el principal acceso para la construcci\u00f3n del Tren Maya, tramo 5 Norte, que inicia en las inmediaciones del Aeropuerto Internacional de Canc\u00fan y concluye en Playa del Carmen. Los trabajos son ejecutados por personal de la Secretar\u00eda de la Defensa Nacional (SEDENA).<\/p>\n<p>Para este martes 16 de enero, mencionaron los inconformes, se reunir\u00e1n con la representaci\u00f3n del Fondo Nacional de Fomento al Turismo (FONATUR) para buscar una soluci\u00f3n a sus demandas.<\/p>\n","protected":false},"excerpt":{"rendered":"<p>Se trata de posesionarios de la comunidad Vida y Esperanza, y otras aleda\u00f1as. En la Manifestaci\u00f3n de Impacto Ambiental (MIA) para la construcci\u00f3n del tramo 5 Norte, ya se adelantaba posibles afectaciones sociales en la zona Pobladores de la zona rural de Playa del Carmen iniciaron un bloqueo a las obras del Tren Maya tramo [&hellip;]<\/p>\n","protected":false},"author":1,"featured_media":31391,"comment_status":"open","ping_status":"closed","sticky":false,"template":"","format":"standard","meta":{"footnotes":""},"categories":[4],"tags":[],"class_list":["post-31389","post","type-post","status-publish","format-standard","has-post-thumbnail","hentry","category-local"],"_links":{"self":[{"href":"https:\/\/solidaridadnews.com\/index.php?rest_route=\/wp\/v2\/posts\/31389","targetHints":{"allow":["GET"]}}],"collection":[{"href":"https:\/\/solidaridadnews.com\/index.php?rest_route=\/wp\/v2\/posts"}],"about":[{"href":"https:\/\/solidaridadnews.com\/index.php?rest_route=\/wp\/v2\/types\/post"}],"author":[{"embeddable":true,"href":"https:\/\/solidaridadnews.com\/index.php?rest_route=\/wp\/v2\/users\/1"}],"replies":[{"embeddable":true,"href":"https:\/\/solidaridadnews.com\/index.php?rest_route=%2Fwp%2Fv2%2Fcomments&post=31389"}],"version-history":[{"count":1,"href":"https:\/\/solidaridadnews.com\/index.php?rest_route=\/wp\/v2\/posts\/31389\/revisions"}],"predecessor-version":[{"id":31390,"href":"https:\/\/solidaridadnews.com\/index.php?rest_route=\/wp\/v2\/posts\/31389\/revisions\/31390"}],"wp:featuredmedia":[{"embeddable":true,"href":"https:\/\/solidaridadnews.com\/index.php?rest_route=\/wp\/v2\/media\/31391"}],"wp:attachment":[{"href":"https:\/\/solidaridadnews.com\/index.php?rest_route=%2Fwp%2Fv2%2Fmedia&parent=31389"}],"wp:term":[{"taxonomy":"category","embeddable":true,"href":"https:\/\/solidaridadnews.com\/index.php?rest_route=%2Fwp%2Fv2%2Fcategories&post=31389"},{"taxonomy":"post_tag","embeddable":true,"href":"https:\/\/solidaridadnews.com\/index.php?rest_route=%2Fwp%2Fv2%2Ftags&post=31389"}],"curies":[{"name":"wp","href":"https:\/\/api.w.org\/{rel}","templated":true}]}}