{"id":31362,"date":"2024-01-15T13:31:44","date_gmt":"2024-01-15T18:31:44","guid":{"rendered":"https:\/\/solidaridadnews.com\/?p=31362"},"modified":"2024-01-15T18:31:46","modified_gmt":"2024-01-15T18:31:46","slug":"eligen-comision-electoral-se-alistan-taxistas-de-playa-del-carmen-para-renovar-su-directiva","status":"publish","type":"post","link":"https:\/\/solidaridadnews.com\/?p=31362","title":{"rendered":"ELIGEN COMISI\u00d3N ELECTORAL: Se alistan taxistas de Playa del Carmen para renovar su directiva"},"content":{"rendered":"<p>Con una gran asistencia y participaci\u00f3n, socios concesionarios del Sindicato de Taxistas \u201cL\u00e1zaro C\u00e1rdenas del R\u00edo\u201d, eligieron en Asamblea General Extraordinaria a los integrantes de la Comisi\u00f3n Electoral, demostrando con aplomo y democracia que la organizaci\u00f3n vive tiempos de evoluci\u00f3n.<\/p>\n<p>Por su parte, el secretario general de la instituci\u00f3n, Luis Herrera Quiam, agradeci\u00f3 la participaci\u00f3n de los agremiados, destacando su disposici\u00f3n a seguir manteniendo la sinergia positiva en el Sindicato.<\/p>\n<p>\u201cEl sindicato ya no es el de antes, el sindicato ya evolucion\u00f3\u201d, indic\u00f3 el secretario general Luis Herrera, a los concesionarios que estuvieron prestos a hacer valer sus derechos sindicales.<\/p>\n<p>Los nuevos integrantes recibieron su constancia que los acredita como integrantes de la Comisi\u00f3n Electoral y vigilantes del pr\u00f3ximo proceso interno de la instituci\u00f3n, en el que se elegir\u00e1 al Comit\u00e9 Directivo\u00a02024-2027<\/p>\n","protected":false},"excerpt":{"rendered":"<p>Con una gran asistencia y participaci\u00f3n, socios concesionarios del Sindicato de Taxistas \u201cL\u00e1zaro C\u00e1rdenas del R\u00edo\u201d, eligieron en Asamblea General Extraordinaria a los integrantes de la Comisi\u00f3n Electoral, demostrando con aplomo y democracia que la organizaci\u00f3n vive tiempos de evoluci\u00f3n. Por su parte, el secretario general de la instituci\u00f3n, Luis Herrera Quiam, agradeci\u00f3 la participaci\u00f3n [&hellip;]<\/p>\n","protected":false},"author":1,"featured_media":31364,"comment_status":"open","ping_status":"closed","sticky":false,"template":"","format":"standard","meta":{"footnotes":""},"categories":[4],"tags":[],"class_list":["post-31362","post","type-post","status-publish","format-standard","has-post-thumbnail","hentry","category-local"],"_links":{"self":[{"href":"https:\/\/solidaridadnews.com\/index.php?rest_route=\/wp\/v2\/posts\/31362","targetHints":{"allow":["GET"]}}],"collection":[{"href":"https:\/\/solidaridadnews.com\/index.php?rest_route=\/wp\/v2\/posts"}],"about":[{"href":"https:\/\/solidaridadnews.com\/index.php?rest_route=\/wp\/v2\/types\/post"}],"author":[{"embeddable":true,"href":"https:\/\/solidaridadnews.com\/index.php?rest_route=\/wp\/v2\/users\/1"}],"replies":[{"embeddable":true,"href":"https:\/\/solidaridadnews.com\/index.php?rest_route=%2Fwp%2Fv2%2Fcomments&post=31362"}],"version-history":[{"count":1,"href":"https:\/\/solidaridadnews.com\/index.php?rest_route=\/wp\/v2\/posts\/31362\/revisions"}],"predecessor-version":[{"id":31363,"href":"https:\/\/solidaridadnews.com\/index.php?rest_route=\/wp\/v2\/posts\/31362\/revisions\/31363"}],"wp:featuredmedia":[{"embeddable":true,"href":"https:\/\/solidaridadnews.com\/index.php?rest_route=\/wp\/v2\/media\/31364"}],"wp:attachment":[{"href":"https:\/\/solidaridadnews.com\/index.php?rest_route=%2Fwp%2Fv2%2Fmedia&parent=31362"}],"wp:term":[{"taxonomy":"category","embeddable":true,"href":"https:\/\/solidaridadnews.com\/index.php?rest_route=%2Fwp%2Fv2%2Fcategories&post=31362"},{"taxonomy":"post_tag","embeddable":true,"href":"https:\/\/solidaridadnews.com\/index.php?rest_route=%2Fwp%2Fv2%2Ftags&post=31362"}],"curies":[{"name":"wp","href":"https:\/\/api.w.org\/{rel}","templated":true}]}}