{"id":31359,"date":"2024-01-15T13:31:00","date_gmt":"2024-01-15T18:31:00","guid":{"rendered":"https:\/\/solidaridadnews.com\/?p=31359"},"modified":"2024-01-15T18:31:00","modified_gmt":"2024-01-15T18:31:00","slug":"derecho-de-piso-casi-linchan-a-extorsionador-en-playa-del-carmen","status":"publish","type":"post","link":"https:\/\/solidaridadnews.com\/?p=31359","title":{"rendered":"\u201cDERECHO DE PISO\u201d: Casi linchan a extorsionador en Playa del Carmen"},"content":{"rendered":"<p>Un sujeto que fue acusado de extorsionar una tienda del fraccionamiento Villas del Sol sufri\u00f3 esta tarde un intento de linchamiento, a manos de vecinos y presuntos testigos de los hechos.<\/p>\n<p>Primeros informes refieren que estos hechos ocurrieron a eso de las 3 de la tarde, en la calle Viveros, hasta donde arribaron varios elementos de Seguridad P\u00fablica.<\/p>\n<p>Vecinos que se encontraban en una fiesta refirieron que arribaron a la tienda, al escuchar los gritos de una joven de unos 16 a\u00f1os de edad, quien seg\u00fan era amenazada por este sujeto.<\/p>\n<p>La v\u00edctima coment\u00f3 que el sujeto, que lleg\u00f3 a esta tienda en una moto repartidora de agua, lo amenaz\u00f3 exigi\u00e9ndole que deb\u00eda pagar \u201cderecho de piso\u201d.<\/p>\n<p>En consecuencia, vecinos golpearon a este sujeto hasta que llegaron elementos polic\u00edacos, quienes lo trasladaron a los separos de Seguridad\u00a0P\u00fablica.<\/p>\n","protected":false},"excerpt":{"rendered":"<p>Un sujeto que fue acusado de extorsionar una tienda del fraccionamiento Villas del Sol sufri\u00f3 esta tarde un intento de linchamiento, a manos de vecinos y presuntos testigos de los hechos. Primeros informes refieren que estos hechos ocurrieron a eso de las 3 de la tarde, en la calle Viveros, hasta donde arribaron varios elementos [&hellip;]<\/p>\n","protected":false},"author":1,"featured_media":31361,"comment_status":"open","ping_status":"closed","sticky":false,"template":"","format":"standard","meta":{"footnotes":""},"categories":[4],"tags":[],"class_list":["post-31359","post","type-post","status-publish","format-standard","has-post-thumbnail","hentry","category-local"],"_links":{"self":[{"href":"https:\/\/solidaridadnews.com\/index.php?rest_route=\/wp\/v2\/posts\/31359","targetHints":{"allow":["GET"]}}],"collection":[{"href":"https:\/\/solidaridadnews.com\/index.php?rest_route=\/wp\/v2\/posts"}],"about":[{"href":"https:\/\/solidaridadnews.com\/index.php?rest_route=\/wp\/v2\/types\/post"}],"author":[{"embeddable":true,"href":"https:\/\/solidaridadnews.com\/index.php?rest_route=\/wp\/v2\/users\/1"}],"replies":[{"embeddable":true,"href":"https:\/\/solidaridadnews.com\/index.php?rest_route=%2Fwp%2Fv2%2Fcomments&post=31359"}],"version-history":[{"count":1,"href":"https:\/\/solidaridadnews.com\/index.php?rest_route=\/wp\/v2\/posts\/31359\/revisions"}],"predecessor-version":[{"id":31360,"href":"https:\/\/solidaridadnews.com\/index.php?rest_route=\/wp\/v2\/posts\/31359\/revisions\/31360"}],"wp:featuredmedia":[{"embeddable":true,"href":"https:\/\/solidaridadnews.com\/index.php?rest_route=\/wp\/v2\/media\/31361"}],"wp:attachment":[{"href":"https:\/\/solidaridadnews.com\/index.php?rest_route=%2Fwp%2Fv2%2Fmedia&parent=31359"}],"wp:term":[{"taxonomy":"category","embeddable":true,"href":"https:\/\/solidaridadnews.com\/index.php?rest_route=%2Fwp%2Fv2%2Fcategories&post=31359"},{"taxonomy":"post_tag","embeddable":true,"href":"https:\/\/solidaridadnews.com\/index.php?rest_route=%2Fwp%2Fv2%2Ftags&post=31359"}],"curies":[{"name":"wp","href":"https:\/\/api.w.org\/{rel}","templated":true}]}}