{"id":31356,"date":"2024-01-15T13:29:12","date_gmt":"2024-01-15T18:29:12","guid":{"rendered":"https:\/\/solidaridadnews.com\/?p=31356"},"modified":"2024-01-15T18:29:13","modified_gmt":"2024-01-15T18:29:13","slug":"pescadores-de-la-cooperativa-turistica-comienzan-el-alza-en-playa-del-carmen","status":"publish","type":"post","link":"https:\/\/solidaridadnews.com\/?p=31356","title":{"rendered":"Pescadores de la cooperativa tur\u00edstica comienzan el alza en Playa del Carmen"},"content":{"rendered":"<div>\n<div class=\"row m-b-15\">\n<div class=\"col-xs-12 col-sm-12 col-md-12 col-lg-12\">\n<h3 class=\"introduction\" style=\"text-align: center;\">Los trabajadores indican que se preparan para la temporada baja en los siguientes meses.<\/h3>\n<\/div>\n<\/div>\n<\/div>\n<div class=\"row m-b-25\">\n<div class=\"col-xs-12 col-sm-12 col-md-12 col-lg-12 info-extra-new\">\n<p>Pescadores adscritos a la\u00a0<strong>cooperativa tur\u00edstica<\/strong>\u00a0dieron presentar un porcentaje del 50%, con lo cual se avecinan a la temporada baja en los siguientes meses.<\/p>\n<p>Jos\u00e9 G\u00f3mez Burgos, secretario de la cooperativa tur\u00edstica del Mar Caribe, inform\u00f3 que buscan incrementar la ocupaci\u00f3n hasta finales del mes con la posible llegada de turismo por el\u00a0<strong>puente vacacional<\/strong>. su poder de adquisici\u00f3n y no hubo m\u00e1s como en otros tiempos\u201d, mencion\u00f3 G\u00f3mez Burgos.<\/p>\n<p>Los pescadores de Playa del Carmen mayormente se emplean en la captura de ejemplares c\u00f3mo el\u00a0<strong>pargo, dorado, zotzil, boquinete,<\/strong>\u00a0entre otros, los cuales venden a la poblaci\u00f3n local y, en otras ocasiones, lo\u00a0<strong>surten en expendios y restaurantes de la zona<\/strong>.<\/p>\n<p>G\u00f3mez Burgos mencion\u00f3 que no es una actividad intensiva, sino artesanal por la larga tradici\u00f3n que existe en Playa del Carmen para la pesca, sin embargo, en algunas ocasiones negocian con el producto y lo env\u00edan a Puerto Progreso para su procesamiento.<\/p>\n<blockquote><p>\u201cEs una actividad fundamental en Playa del Carmen, no podemos hablar de volumen, no tenemos un registro de cu\u00e1nto, porque no lo hacemos con fines industriales, pero de que ha bajado la venta es muy significativo, tambi\u00e9n porque muchas pescader\u00edas traen productos de otras partes del pa\u00eds, c\u00f3mo de Campeche y la verdad es que es dif\u00edcil competir con ellos\u201d, agreg\u00f3.<\/p><\/blockquote>\n<p>La zona de resguardo que ellos ocupan es la playa El Recodo, donde m\u00e1s de 50 personas a diario se emplean en dicha actividad de captura de especies del mar.<\/p>\n<div class=\"media-caption\">\n<p>Un servicio tur\u00edstico diario presta miembros de la cooperativa de pescadores que se ubica\u00a0<strong>en playa El Recodo<\/strong>, luego de la declaratoria de sem\u00e1foro naranja que permite al 30% la actividad.<\/p>\n<p>Jos\u00e9 G\u00f3mez Burgos, secretario de la cooperativa tur\u00edstica del Mar Caribe, inform\u00f3 que es un\u00a0<strong>n\u00famero favorable<\/strong>, pese a que no se compara con temporada alta cuando superaban el 80%.<\/p>\n<p>Los servicios que prestan son relacionados con la pesca deportiva.<\/p>\n<blockquote><p>\u00abEstamos levantando, s\u00f3lo estamos dando un servicio diario, pero ah\u00ed vamos, desafortunadamente no se puede m\u00e1s y es porque tampoco hay turismo, sabemos que no hay vuelos y no se puede hacer m\u00e1s\u00bb, dijo G\u00f3mez Burgos.<\/p><\/blockquote>\n<p>Son m\u00e1s de\u00a0<strong>70 los trabajadores<\/strong>\u00a0<strong>que integran la cooperativa<\/strong>, quienes se encuentran en Playa El Recodo principalmente.<\/p>\n<\/div>\n<\/div>\n<\/div>\n","protected":false},"excerpt":{"rendered":"<p>Los trabajadores indican que se preparan para la temporada baja en los siguientes meses. Pescadores adscritos a la\u00a0cooperativa tur\u00edstica\u00a0dieron presentar un porcentaje del 50%, con lo cual se avecinan a la temporada baja en los siguientes meses. Jos\u00e9 G\u00f3mez Burgos, secretario de la cooperativa tur\u00edstica del Mar Caribe, inform\u00f3 que buscan incrementar la ocupaci\u00f3n hasta [&hellip;]<\/p>\n","protected":false},"author":1,"featured_media":31358,"comment_status":"open","ping_status":"closed","sticky":false,"template":"","format":"standard","meta":{"footnotes":""},"categories":[4],"tags":[],"class_list":["post-31356","post","type-post","status-publish","format-standard","has-post-thumbnail","hentry","category-local"],"_links":{"self":[{"href":"https:\/\/solidaridadnews.com\/index.php?rest_route=\/wp\/v2\/posts\/31356","targetHints":{"allow":["GET"]}}],"collection":[{"href":"https:\/\/solidaridadnews.com\/index.php?rest_route=\/wp\/v2\/posts"}],"about":[{"href":"https:\/\/solidaridadnews.com\/index.php?rest_route=\/wp\/v2\/types\/post"}],"author":[{"embeddable":true,"href":"https:\/\/solidaridadnews.com\/index.php?rest_route=\/wp\/v2\/users\/1"}],"replies":[{"embeddable":true,"href":"https:\/\/solidaridadnews.com\/index.php?rest_route=%2Fwp%2Fv2%2Fcomments&post=31356"}],"version-history":[{"count":1,"href":"https:\/\/solidaridadnews.com\/index.php?rest_route=\/wp\/v2\/posts\/31356\/revisions"}],"predecessor-version":[{"id":31357,"href":"https:\/\/solidaridadnews.com\/index.php?rest_route=\/wp\/v2\/posts\/31356\/revisions\/31357"}],"wp:featuredmedia":[{"embeddable":true,"href":"https:\/\/solidaridadnews.com\/index.php?rest_route=\/wp\/v2\/media\/31358"}],"wp:attachment":[{"href":"https:\/\/solidaridadnews.com\/index.php?rest_route=%2Fwp%2Fv2%2Fmedia&parent=31356"}],"wp:term":[{"taxonomy":"category","embeddable":true,"href":"https:\/\/solidaridadnews.com\/index.php?rest_route=%2Fwp%2Fv2%2Fcategories&post=31356"},{"taxonomy":"post_tag","embeddable":true,"href":"https:\/\/solidaridadnews.com\/index.php?rest_route=%2Fwp%2Fv2%2Ftags&post=31356"}],"curies":[{"name":"wp","href":"https:\/\/api.w.org\/{rel}","templated":true}]}}