{"id":31338,"date":"2024-01-15T17:48:03","date_gmt":"2024-01-15T17:48:03","guid":{"rendered":"https:\/\/solidaridadnews.com\/?p=31338"},"modified":"2024-01-15T17:48:03","modified_gmt":"2024-01-15T17:48:03","slug":"servicios-turisticos-en-semaforo-naranja-cooperativa-de-pescadores-en-recuperacion","status":"publish","type":"post","link":"https:\/\/solidaridadnews.com\/?p=31338","title":{"rendered":"Servicios tur\u00edsticos en sem\u00e1foro naranja: Cooperativa de pescadores en recuperaci\u00f3n"},"content":{"rendered":"<p>Los pescadores afiliados a la cooperativa tur\u00edstica reportaron una disminuci\u00f3n del 50%, anticipando la temporada baja en los pr\u00f3ximos meses.<\/p>\n<p>Jos\u00e9 G\u00f3mez Burgos, secretario de la cooperativa tur\u00edstica del Mar Caribe, expres\u00f3 que est\u00e1n buscando aumentar la ocupaci\u00f3n hasta finales del mes, aprovechando la posible llegada de turistas durante el puente vacacional. \u00abSu poder adquisitivo no es el mismo que en otros tiempos\u00bb, mencion\u00f3 G\u00f3mez Burgos.<\/p>\n<p>Los pescadores de Playa del Carmen se dedican principalmente a la captura de ejemplares como el pargo, dorado, zotzil, boquinete, entre otros, que venden localmente o suministran a expendios y restaurantes de la zona.<\/p>\n<p>G\u00f3mez Burgos destac\u00f3 que la pesca es una actividad m\u00e1s artesanal que intensiva, arraigada en la larga tradici\u00f3n de Playa del Carmen. En ocasiones, negocian con el producto y lo env\u00edan a Puerto Progreso para su procesamiento.<\/p>\n<p>\u00abAunque no tenemos un registro exacto del volumen, ya que no operamos con fines industriales, la disminuci\u00f3n en las ventas es significativa. Adem\u00e1s, competir con productos provenientes de otras partes del pa\u00eds, como Campeche, se vuelve dif\u00edcil\u00bb, agreg\u00f3.<\/p>\n<p>El \u00e1rea de resguardo que ocupan se encuentra en la playa El Recodo, donde m\u00e1s de 50 personas se emplean a diario en la actividad de captura de especies marinas.<\/p>\n<p>La cooperativa de pescadores, ubicada en la playa El Recodo, ofrece servicios tur\u00edsticos diarios despu\u00e9s de la declaraci\u00f3n de sem\u00e1foro naranja, que permite el 30% de la actividad.<\/p>\n<p>Jos\u00e9 G\u00f3mez Burgos inform\u00f3 que, aunque el n\u00famero es favorable, no se compara con la temporada alta cuando superaban el 80%. Los servicios prestados est\u00e1n relacionados con la pesca deportiva.<\/p>\n<p>\u00abEstamos recuper\u00e1ndonos, proporcionando un servicio diario, pero lamentablemente no podemos hacer m\u00e1s, ya que tambi\u00e9n hay una falta de turismo. Sabemos que no hay vuelos y no podemos hacer mucho m\u00e1s\u00bb, dijo G\u00f3mez Burgos.<\/p>\n<p>La cooperativa cuenta con m\u00e1s de 70 trabajadores, principalmente ubicados en Playa El Recodo.<\/p>\n","protected":false},"excerpt":{"rendered":"<p>Los pescadores afiliados a la cooperativa tur\u00edstica reportaron una disminuci\u00f3n del 50%, anticipando la temporada baja en los pr\u00f3ximos meses. Jos\u00e9 G\u00f3mez Burgos, secretario de la cooperativa tur\u00edstica del Mar Caribe, expres\u00f3 que est\u00e1n buscando aumentar la ocupaci\u00f3n hasta finales del mes, aprovechando la posible llegada de turistas durante el puente vacacional. \u00abSu poder adquisitivo [&hellip;]<\/p>\n","protected":false},"author":1,"featured_media":31339,"comment_status":"closed","ping_status":"closed","sticky":false,"template":"","format":"standard","meta":{"footnotes":""},"categories":[4],"tags":[],"class_list":["post-31338","post","type-post","status-publish","format-standard","has-post-thumbnail","hentry","category-local"],"_links":{"self":[{"href":"https:\/\/solidaridadnews.com\/index.php?rest_route=\/wp\/v2\/posts\/31338","targetHints":{"allow":["GET"]}}],"collection":[{"href":"https:\/\/solidaridadnews.com\/index.php?rest_route=\/wp\/v2\/posts"}],"about":[{"href":"https:\/\/solidaridadnews.com\/index.php?rest_route=\/wp\/v2\/types\/post"}],"author":[{"embeddable":true,"href":"https:\/\/solidaridadnews.com\/index.php?rest_route=\/wp\/v2\/users\/1"}],"replies":[{"embeddable":true,"href":"https:\/\/solidaridadnews.com\/index.php?rest_route=%2Fwp%2Fv2%2Fcomments&post=31338"}],"version-history":[{"count":1,"href":"https:\/\/solidaridadnews.com\/index.php?rest_route=\/wp\/v2\/posts\/31338\/revisions"}],"predecessor-version":[{"id":31340,"href":"https:\/\/solidaridadnews.com\/index.php?rest_route=\/wp\/v2\/posts\/31338\/revisions\/31340"}],"wp:featuredmedia":[{"embeddable":true,"href":"https:\/\/solidaridadnews.com\/index.php?rest_route=\/wp\/v2\/media\/31339"}],"wp:attachment":[{"href":"https:\/\/solidaridadnews.com\/index.php?rest_route=%2Fwp%2Fv2%2Fmedia&parent=31338"}],"wp:term":[{"taxonomy":"category","embeddable":true,"href":"https:\/\/solidaridadnews.com\/index.php?rest_route=%2Fwp%2Fv2%2Fcategories&post=31338"},{"taxonomy":"post_tag","embeddable":true,"href":"https:\/\/solidaridadnews.com\/index.php?rest_route=%2Fwp%2Fv2%2Ftags&post=31338"}],"curies":[{"name":"wp","href":"https:\/\/api.w.org\/{rel}","templated":true}]}}