{"id":31329,"date":"2024-01-13T11:49:07","date_gmt":"2024-01-13T16:49:07","guid":{"rendered":"https:\/\/solidaridadnews.com\/?p=31329"},"modified":"2024-01-13T16:49:09","modified_gmt":"2024-01-13T16:49:09","slug":"se-incendia-palapa-en-el-hotel-en-la-quinta-avenida-de-playa-del-carmen","status":"publish","type":"post","link":"https:\/\/solidaridadnews.com\/?p=31329","title":{"rendered":"Se incendia palapa en el hotel en la Quinta Avenida de Playa del Carmen"},"content":{"rendered":"<p>Una palapa que pertenece al hotel Ticul, ubicado en la Quinta Avenida, se incendi\u00f3 la noche de este viernes, dejando solo da\u00f1os materiales.<\/p>\n<div dir=\"auto\">Los hechos se suscitaron alrededor de las 11 de la noche, en el cruce de la calle 38, hasta donde arribaron cuerpos de emergencia y elementos polic\u00edacos.<\/div>\n<div dir=\"auto\"><\/div>\n<div dir=\"auto\">Primeras versiones refer\u00edan que el incendio proven\u00eda de una habitaci\u00f3n del hotel, pero al llegar los elementos corroboraron que la afectaci\u00f3n ocurr\u00eda en una palapa de la planta alta.<\/div>\n<div dir=\"auto\"><\/div>\n<div dir=\"auto\">La zona fue acordonada para salvaguardar la integridad f\u00edsica de los turistas que pasaban por el lugar, en tanto los elementos del Cuerpo de Bomberos se encargaban de sofocar el incendio.<\/div>\n<div dir=\"auto\"><\/div>\n<div dir=\"auto\"><\/div>\n<div dir=\"auto\">Hasta el momento, se desconoce a ciencia cierta qu\u00e9 puedo originar este siniestro que solo dej\u00f3 da\u00f1os materiales.<\/div>\n<div dir=\"auto\"><\/div>\n<div dir=\"auto\">Finalmente, despu\u00e9s de una hora, los bomberos concluyeron sus labores, dando paso a los peritos de Protecci\u00f3n Civil, quienes se encargaron del peritaje correspondiente<\/div>\n","protected":false},"excerpt":{"rendered":"<p>Una palapa que pertenece al hotel Ticul, ubicado en la Quinta Avenida, se incendi\u00f3 la noche de este viernes, dejando solo da\u00f1os materiales. Los hechos se suscitaron alrededor de las 11 de la noche, en el cruce de la calle 38, hasta donde arribaron cuerpos de emergencia y elementos polic\u00edacos. Primeras versiones refer\u00edan que el [&hellip;]<\/p>\n","protected":false},"author":1,"featured_media":31331,"comment_status":"open","ping_status":"closed","sticky":false,"template":"","format":"standard","meta":{"footnotes":""},"categories":[4],"tags":[],"class_list":["post-31329","post","type-post","status-publish","format-standard","has-post-thumbnail","hentry","category-local"],"_links":{"self":[{"href":"https:\/\/solidaridadnews.com\/index.php?rest_route=\/wp\/v2\/posts\/31329","targetHints":{"allow":["GET"]}}],"collection":[{"href":"https:\/\/solidaridadnews.com\/index.php?rest_route=\/wp\/v2\/posts"}],"about":[{"href":"https:\/\/solidaridadnews.com\/index.php?rest_route=\/wp\/v2\/types\/post"}],"author":[{"embeddable":true,"href":"https:\/\/solidaridadnews.com\/index.php?rest_route=\/wp\/v2\/users\/1"}],"replies":[{"embeddable":true,"href":"https:\/\/solidaridadnews.com\/index.php?rest_route=%2Fwp%2Fv2%2Fcomments&post=31329"}],"version-history":[{"count":1,"href":"https:\/\/solidaridadnews.com\/index.php?rest_route=\/wp\/v2\/posts\/31329\/revisions"}],"predecessor-version":[{"id":31330,"href":"https:\/\/solidaridadnews.com\/index.php?rest_route=\/wp\/v2\/posts\/31329\/revisions\/31330"}],"wp:featuredmedia":[{"embeddable":true,"href":"https:\/\/solidaridadnews.com\/index.php?rest_route=\/wp\/v2\/media\/31331"}],"wp:attachment":[{"href":"https:\/\/solidaridadnews.com\/index.php?rest_route=%2Fwp%2Fv2%2Fmedia&parent=31329"}],"wp:term":[{"taxonomy":"category","embeddable":true,"href":"https:\/\/solidaridadnews.com\/index.php?rest_route=%2Fwp%2Fv2%2Fcategories&post=31329"},{"taxonomy":"post_tag","embeddable":true,"href":"https:\/\/solidaridadnews.com\/index.php?rest_route=%2Fwp%2Fv2%2Ftags&post=31329"}],"curies":[{"name":"wp","href":"https:\/\/api.w.org\/{rel}","templated":true}]}}