{"id":31299,"date":"2024-01-12T11:26:18","date_gmt":"2024-01-12T16:26:18","guid":{"rendered":"https:\/\/solidaridadnews.com\/?p=31299"},"modified":"2024-01-12T16:26:19","modified_gmt":"2024-01-12T16:26:19","slug":"este-2024-se-espera-arribo-similar-al-2023-en-sargazo","status":"publish","type":"post","link":"https:\/\/solidaridadnews.com\/?p=31299","title":{"rendered":"Este 2024 se espera arribo similar al 2023 en sargazo"},"content":{"rendered":"<p class=\"ql-align-justify\">No hay recal\u00e9 de sargazo, lo que est\u00e1 llegando a las playas y en cantidades menores es alga roja, as\u00ed lo asegur\u00f3 Mar\u00eda de Lourdes V\u00e1rguez Ocampo, Secretaria de Medio Ambiente, Sustentable y Cambio Clim\u00e1tico.<\/p>\n<p class=\"ql-align-justify\">Explic\u00f3 que se espera un a\u00f1o con arribo menor de sargazo, similar al del a\u00f1o pasado, cuando se retiraron de las playas alrededor de 26 mil 400 toneladas.<\/p>\n<p class=\"ql-align-justify\">A\u00f1adi\u00f3 que en este a\u00f1o tendr\u00e1n m\u00e1s comunicaci\u00f3n y coordinaci\u00f3n con la Secretar\u00eda de Marina para tener un trabajo m\u00e1s eficiente, sobre todo en cuanto a la colocaci\u00f3n de las barreras anti sargazo.<\/p>\n","protected":false},"excerpt":{"rendered":"<p>No hay recal\u00e9 de sargazo, lo que est\u00e1 llegando a las playas y en cantidades menores es alga roja, as\u00ed lo asegur\u00f3 Mar\u00eda de Lourdes V\u00e1rguez Ocampo, Secretaria de Medio Ambiente, Sustentable y Cambio Clim\u00e1tico. Explic\u00f3 que se espera un a\u00f1o con arribo menor de sargazo, similar al del a\u00f1o pasado, cuando se retiraron de [&hellip;]<\/p>\n","protected":false},"author":1,"featured_media":31301,"comment_status":"open","ping_status":"closed","sticky":false,"template":"","format":"standard","meta":{"footnotes":""},"categories":[4],"tags":[],"class_list":["post-31299","post","type-post","status-publish","format-standard","has-post-thumbnail","hentry","category-local"],"_links":{"self":[{"href":"https:\/\/solidaridadnews.com\/index.php?rest_route=\/wp\/v2\/posts\/31299","targetHints":{"allow":["GET"]}}],"collection":[{"href":"https:\/\/solidaridadnews.com\/index.php?rest_route=\/wp\/v2\/posts"}],"about":[{"href":"https:\/\/solidaridadnews.com\/index.php?rest_route=\/wp\/v2\/types\/post"}],"author":[{"embeddable":true,"href":"https:\/\/solidaridadnews.com\/index.php?rest_route=\/wp\/v2\/users\/1"}],"replies":[{"embeddable":true,"href":"https:\/\/solidaridadnews.com\/index.php?rest_route=%2Fwp%2Fv2%2Fcomments&post=31299"}],"version-history":[{"count":1,"href":"https:\/\/solidaridadnews.com\/index.php?rest_route=\/wp\/v2\/posts\/31299\/revisions"}],"predecessor-version":[{"id":31300,"href":"https:\/\/solidaridadnews.com\/index.php?rest_route=\/wp\/v2\/posts\/31299\/revisions\/31300"}],"wp:featuredmedia":[{"embeddable":true,"href":"https:\/\/solidaridadnews.com\/index.php?rest_route=\/wp\/v2\/media\/31301"}],"wp:attachment":[{"href":"https:\/\/solidaridadnews.com\/index.php?rest_route=%2Fwp%2Fv2%2Fmedia&parent=31299"}],"wp:term":[{"taxonomy":"category","embeddable":true,"href":"https:\/\/solidaridadnews.com\/index.php?rest_route=%2Fwp%2Fv2%2Fcategories&post=31299"},{"taxonomy":"post_tag","embeddable":true,"href":"https:\/\/solidaridadnews.com\/index.php?rest_route=%2Fwp%2Fv2%2Ftags&post=31299"}],"curies":[{"name":"wp","href":"https:\/\/api.w.org\/{rel}","templated":true}]}}