{"id":31263,"date":"2024-01-11T18:39:28","date_gmt":"2024-01-11T18:39:28","guid":{"rendered":"https:\/\/solidaridadnews.com\/?p=31263"},"modified":"2024-01-11T18:39:28","modified_gmt":"2024-01-11T18:39:28","slug":"caos-vehicular-en-la-zona-por-choque-entre-autos-y-una-van-de-transporte-turistico","status":"publish","type":"post","link":"https:\/\/solidaridadnews.com\/?p=31263","title":{"rendered":"Caos vehicular en la zona por choque entre autos y una van de transporte tur\u00edstico"},"content":{"rendered":"<p>Esta ma\u00f1ana, un accidente vial espectacular en el tramo Puerto Morelos-Playa del Carmen dej\u00f3 al menos tres personas lesionadas. El incidente involucr\u00f3 dos veh\u00edculos particulares y una furgoneta de la empresa Playa Express.<\/p>\n<p>Seg\u00fan informes no oficiales, el suceso tuvo lugar alrededor de las 8 de la ma\u00f1ana mientras los tres veh\u00edculos se dirig\u00edan hacia Playa del Carmen, cerca del hotel Tres R\u00edos.<\/p>\n<p>Testigos relatan que el conductor de un autom\u00f3vil blanco perdi\u00f3 el control, impactando la parte trasera de la furgoneta, que a su vez choc\u00f3 contra otro veh\u00edculo rojo, terminando en el camell\u00f3n central.<\/p>\n<p>Aunque los tres ocupantes del autom\u00f3vil blanco lograron salir con vida, sufrieron graves lesiones. Se reporta que otra persona result\u00f3 herida, pero a\u00fan no ha sido confirmado por las autoridades.<\/p>\n<p>Equipos de emergencia llegaron al lugar y trasladaron a los heridos a un hospital en Playa del Carmen. La Direcci\u00f3n de Tr\u00e1nsito se encarg\u00f3 de regular el tr\u00e1fico intenso en la zona y coordinar la remoci\u00f3n de los veh\u00edculos al corral\u00f3n correspondiente.<\/p>\n","protected":false},"excerpt":{"rendered":"<p>Esta ma\u00f1ana, un accidente vial espectacular en el tramo Puerto Morelos-Playa del Carmen dej\u00f3 al menos tres personas lesionadas. El incidente involucr\u00f3 dos veh\u00edculos particulares y una furgoneta de la empresa Playa Express. Seg\u00fan informes no oficiales, el suceso tuvo lugar alrededor de las 8 de la ma\u00f1ana mientras los tres veh\u00edculos se dirig\u00edan hacia [&hellip;]<\/p>\n","protected":false},"author":1,"featured_media":31264,"comment_status":"closed","ping_status":"closed","sticky":false,"template":"","format":"standard","meta":{"footnotes":""},"categories":[14],"tags":[],"class_list":["post-31263","post","type-post","status-publish","format-standard","has-post-thumbnail","hentry","category-policia"],"_links":{"self":[{"href":"https:\/\/solidaridadnews.com\/index.php?rest_route=\/wp\/v2\/posts\/31263","targetHints":{"allow":["GET"]}}],"collection":[{"href":"https:\/\/solidaridadnews.com\/index.php?rest_route=\/wp\/v2\/posts"}],"about":[{"href":"https:\/\/solidaridadnews.com\/index.php?rest_route=\/wp\/v2\/types\/post"}],"author":[{"embeddable":true,"href":"https:\/\/solidaridadnews.com\/index.php?rest_route=\/wp\/v2\/users\/1"}],"replies":[{"embeddable":true,"href":"https:\/\/solidaridadnews.com\/index.php?rest_route=%2Fwp%2Fv2%2Fcomments&post=31263"}],"version-history":[{"count":1,"href":"https:\/\/solidaridadnews.com\/index.php?rest_route=\/wp\/v2\/posts\/31263\/revisions"}],"predecessor-version":[{"id":31265,"href":"https:\/\/solidaridadnews.com\/index.php?rest_route=\/wp\/v2\/posts\/31263\/revisions\/31265"}],"wp:featuredmedia":[{"embeddable":true,"href":"https:\/\/solidaridadnews.com\/index.php?rest_route=\/wp\/v2\/media\/31264"}],"wp:attachment":[{"href":"https:\/\/solidaridadnews.com\/index.php?rest_route=%2Fwp%2Fv2%2Fmedia&parent=31263"}],"wp:term":[{"taxonomy":"category","embeddable":true,"href":"https:\/\/solidaridadnews.com\/index.php?rest_route=%2Fwp%2Fv2%2Fcategories&post=31263"},{"taxonomy":"post_tag","embeddable":true,"href":"https:\/\/solidaridadnews.com\/index.php?rest_route=%2Fwp%2Fv2%2Ftags&post=31263"}],"curies":[{"name":"wp","href":"https:\/\/api.w.org\/{rel}","templated":true}]}}