{"id":31254,"date":"2024-01-11T18:07:35","date_gmt":"2024-01-11T18:07:35","guid":{"rendered":"https:\/\/solidaridadnews.com\/?p=31254"},"modified":"2024-01-11T18:07:35","modified_gmt":"2024-01-11T18:07:35","slug":"timothee-chalamet-desmiente-rumores-de-pelea-entre-kylie-jenner-y-selena-gomez","status":"publish","type":"post","link":"https:\/\/solidaridadnews.com\/?p=31254","title":{"rendered":"Timoth\u00e9e Chalamet desmiente rumores de pelea entre Kylie Jenner y Selena Gomez"},"content":{"rendered":"<p>Timoth\u00e9e Chalamet pone fin a las especulaciones que surgieron tras los Globos de Oro 2024 acerca de su relaci\u00f3n con Kylie Jenner y Selena Gomez. El actor de \u00abWonka\u00bb, de 28 a\u00f1os, fue abordado por un reportero de TMZ mientras paseaba por las calles de Beverly Hills, California, y aclar\u00f3 la situaci\u00f3n.<\/p>\n<p>Chalamet, vestido con una sudadera con capucha negra y tratando de mantener un perfil bajo, asegur\u00f3 al reportero que la estrella de \u00abKardashians\u00bb, Kylie Jenner, de 26 a\u00f1os, no tiene problemas con la actriz de \u00abOnly Murders in the Building\u00bb, Selena Gomez, de 31.<\/p>\n<p>Cuando se le pregunt\u00f3 sobre su relaci\u00f3n actual con Gomez, con quien comparti\u00f3 pantalla en la comedia rom\u00e1ntica de 2019 \u00abUn d\u00eda lluvioso en Nueva York\u00bb, Chalamet respondi\u00f3: \u00abS\u00ed, por supuesto\u00bb.<\/p>\n<p>La entrevista improvisada surge despu\u00e9s de que las c\u00e1maras de los Globos de Oro captaran a Gomez charlando con Taylor Swift y Keleigh Sperry durante una pausa comercial. La interpretaci\u00f3n de expertos en lectura de labios gener\u00f3 especulaciones sobre un posible malentendido entre Gomez, Chalamet y Jenner.<\/p>\n<p>Aunque Jeremy Freeman, experto en lectura de labios, sugiri\u00f3 que Gomez dijo: \u00abNo quer\u00eda una foto conmigo. \u00c9l dijo que no\u00bb, una fuente cercana a la cantante neg\u00f3 que estuviera hablando de Chalamet y Jenner. La fuente afirm\u00f3 que Gomez nunca se acerc\u00f3 a la pareja ni les pidi\u00f3 una foto.<\/p>\n<p>El historial entre Selena Gomez y el clan Kardashian ha sido complicado. Kylie Jenner, amiga cercana de Hailey Bieber, quien est\u00e1 casada con Justin Bieber, estuvo involucrada en pol\u00e9micas en 2023 que llevaron a los fans a interpretar burlas hacia Gomez en redes sociales. Adem\u00e1s, persisten fuertes rumores de un supuesto complot de las hermanas Jenner para separar a Selena de Justin y facilitar su relaci\u00f3n con Hailey, que finalmente culmin\u00f3 en matrimonio.<\/p>\n","protected":false},"excerpt":{"rendered":"<p>Timoth\u00e9e Chalamet pone fin a las especulaciones que surgieron tras los Globos de Oro 2024 acerca de su relaci\u00f3n con Kylie Jenner y Selena Gomez. El actor de \u00abWonka\u00bb, de 28 a\u00f1os, fue abordado por un reportero de TMZ mientras paseaba por las calles de Beverly Hills, California, y aclar\u00f3 la situaci\u00f3n. Chalamet, vestido con [&hellip;]<\/p>\n","protected":false},"author":1,"featured_media":31255,"comment_status":"closed","ping_status":"closed","sticky":false,"template":"","format":"standard","meta":{"footnotes":""},"categories":[3],"tags":[],"class_list":["post-31254","post","type-post","status-publish","format-standard","has-post-thumbnail","hentry","category-espectaculos"],"_links":{"self":[{"href":"https:\/\/solidaridadnews.com\/index.php?rest_route=\/wp\/v2\/posts\/31254","targetHints":{"allow":["GET"]}}],"collection":[{"href":"https:\/\/solidaridadnews.com\/index.php?rest_route=\/wp\/v2\/posts"}],"about":[{"href":"https:\/\/solidaridadnews.com\/index.php?rest_route=\/wp\/v2\/types\/post"}],"author":[{"embeddable":true,"href":"https:\/\/solidaridadnews.com\/index.php?rest_route=\/wp\/v2\/users\/1"}],"replies":[{"embeddable":true,"href":"https:\/\/solidaridadnews.com\/index.php?rest_route=%2Fwp%2Fv2%2Fcomments&post=31254"}],"version-history":[{"count":1,"href":"https:\/\/solidaridadnews.com\/index.php?rest_route=\/wp\/v2\/posts\/31254\/revisions"}],"predecessor-version":[{"id":31256,"href":"https:\/\/solidaridadnews.com\/index.php?rest_route=\/wp\/v2\/posts\/31254\/revisions\/31256"}],"wp:featuredmedia":[{"embeddable":true,"href":"https:\/\/solidaridadnews.com\/index.php?rest_route=\/wp\/v2\/media\/31255"}],"wp:attachment":[{"href":"https:\/\/solidaridadnews.com\/index.php?rest_route=%2Fwp%2Fv2%2Fmedia&parent=31254"}],"wp:term":[{"taxonomy":"category","embeddable":true,"href":"https:\/\/solidaridadnews.com\/index.php?rest_route=%2Fwp%2Fv2%2Fcategories&post=31254"},{"taxonomy":"post_tag","embeddable":true,"href":"https:\/\/solidaridadnews.com\/index.php?rest_route=%2Fwp%2Fv2%2Ftags&post=31254"}],"curies":[{"name":"wp","href":"https:\/\/api.w.org\/{rel}","templated":true}]}}