{"id":31237,"date":"2024-01-10T16:21:08","date_gmt":"2024-01-10T16:21:08","guid":{"rendered":"https:\/\/solidaridadnews.com\/?p=31237"},"modified":"2024-01-10T16:21:08","modified_gmt":"2024-01-10T16:21:08","slug":"indigente-fallece-tragicamente-al-ser-atropellado-mientras-dormia","status":"publish","type":"post","link":"https:\/\/solidaridadnews.com\/?p=31237","title":{"rendered":"Indigente fallece tr\u00e1gicamente al ser atropellado mientras dorm\u00eda"},"content":{"rendered":"<p>En una lamentable tragedia ocurrida la ma\u00f1ana de este mi\u00e9rcoles en Playa del Carmen, un hombre en situaci\u00f3n de calle perdi\u00f3 la vida de manera tr\u00e1gica al ser aplastado por una camioneta en la que dorm\u00eda debajo, en una colonia de la ciudad.<\/p>\n<p>El fatal incidente tuvo lugar alrededor de las 8 de la ma\u00f1ana en la calle 26, ubicada entre las avenidas 95 y 10 de El Ejido.<\/p>\n<p>Seg\u00fan la informaci\u00f3n preliminar, la noche anterior, un indigente busc\u00f3 refugio debajo de una camioneta tipo van perteneciente a una empresa de alimentos para mascotas. El propietario de la camioneta, ajeno a la presencia del hombre, la hab\u00eda estacionado frente a su domicilio.<\/p>\n<p>En la ma\u00f1ana, al disponerse a iniciar sus labores cotidianas, el propietario encendi\u00f3 la unidad y la movi\u00f3 en reversa sin percatarse de que el hombre se encontraba dormido debajo.<\/p>\n<p>La camioneta pas\u00f3 por encima del cuerpo del indigente, caus\u00e1ndole lesiones fatales y resultando en su fallecimiento inmediato por aplastamiento.<\/p>\n<p>Agentes de la Polic\u00eda Municipal acudieron al lugar y solicitaron la asistencia de param\u00e9dicos, pero lamentablemente ya no pudieron brindar ninguna ayuda.<\/p>\n<p>Posteriormente, lleg\u00f3 el personal de la Fiscal\u00eda General del Estado para llevar a cabo las investigaciones correspondientes y determinar las responsabilidades en este tr\u00e1gico suceso.<\/p>\n<p>Los peritos de Servicios Periciales se encargaron del levantamiento del cuerpo, que ser\u00e1 trasladado al Servicio M\u00e9dico Forense para realizar las diligencias legales pertinentes. La comunidad lamenta profundamente este incidente y espera que se esclarezcan los hechos de manera justa.<\/p>\n","protected":false},"excerpt":{"rendered":"<p>En una lamentable tragedia ocurrida la ma\u00f1ana de este mi\u00e9rcoles en Playa del Carmen, un hombre en situaci\u00f3n de calle perdi\u00f3 la vida de manera tr\u00e1gica al ser aplastado por una camioneta en la que dorm\u00eda debajo, en una colonia de la ciudad. El fatal incidente tuvo lugar alrededor de las 8 de la ma\u00f1ana [&hellip;]<\/p>\n","protected":false},"author":1,"featured_media":31238,"comment_status":"closed","ping_status":"closed","sticky":false,"template":"","format":"standard","meta":{"footnotes":""},"categories":[14],"tags":[],"class_list":["post-31237","post","type-post","status-publish","format-standard","has-post-thumbnail","hentry","category-policia"],"_links":{"self":[{"href":"https:\/\/solidaridadnews.com\/index.php?rest_route=\/wp\/v2\/posts\/31237","targetHints":{"allow":["GET"]}}],"collection":[{"href":"https:\/\/solidaridadnews.com\/index.php?rest_route=\/wp\/v2\/posts"}],"about":[{"href":"https:\/\/solidaridadnews.com\/index.php?rest_route=\/wp\/v2\/types\/post"}],"author":[{"embeddable":true,"href":"https:\/\/solidaridadnews.com\/index.php?rest_route=\/wp\/v2\/users\/1"}],"replies":[{"embeddable":true,"href":"https:\/\/solidaridadnews.com\/index.php?rest_route=%2Fwp%2Fv2%2Fcomments&post=31237"}],"version-history":[{"count":1,"href":"https:\/\/solidaridadnews.com\/index.php?rest_route=\/wp\/v2\/posts\/31237\/revisions"}],"predecessor-version":[{"id":31239,"href":"https:\/\/solidaridadnews.com\/index.php?rest_route=\/wp\/v2\/posts\/31237\/revisions\/31239"}],"wp:featuredmedia":[{"embeddable":true,"href":"https:\/\/solidaridadnews.com\/index.php?rest_route=\/wp\/v2\/media\/31238"}],"wp:attachment":[{"href":"https:\/\/solidaridadnews.com\/index.php?rest_route=%2Fwp%2Fv2%2Fmedia&parent=31237"}],"wp:term":[{"taxonomy":"category","embeddable":true,"href":"https:\/\/solidaridadnews.com\/index.php?rest_route=%2Fwp%2Fv2%2Fcategories&post=31237"},{"taxonomy":"post_tag","embeddable":true,"href":"https:\/\/solidaridadnews.com\/index.php?rest_route=%2Fwp%2Fv2%2Ftags&post=31237"}],"curies":[{"name":"wp","href":"https:\/\/api.w.org\/{rel}","templated":true}]}}