{"id":31231,"date":"2024-01-09T16:59:28","date_gmt":"2024-01-09T16:59:28","guid":{"rendered":"https:\/\/solidaridadnews.com\/?p=31231"},"modified":"2024-01-09T16:59:28","modified_gmt":"2024-01-09T16:59:28","slug":"inter-playa-del-carmen-participa-en-la-asamblea-general-ordinaria-y-extraordinaria-de-clubes-de-liga-premier","status":"publish","type":"post","link":"https:\/\/solidaridadnews.com\/?p=31231","title":{"rendered":"Inter Playa del Carmen participa en la Asamblea General Ordinaria y Extraordinaria de Clubes de Liga Premier"},"content":{"rendered":"<p>El Club Inter Playa del Carmen particip\u00f3 en la Asamblea General Ordinaria y Extraordinaria de Clubes de Liga Premier, en la que asisti\u00f3 Amador Guti\u00e9rrez como representante del equipo \u201cGigante de Quintana Roo\u201d.<\/p>\n<p>Al inicio de la asamblea, el C.P. Jos\u00e9 V\u00e1zquez \u00c1vila, presidente de Liga Premier, dio la bienvenida a los clubes y dese\u00f3 el mayor de los \u00e9xitos a los equipos en el marco del inicio del nuevo a\u00f1o 2024 y por la reanudaci\u00f3n del torneo 2023-2024 en pr\u00f3ximo viernes 12 de enero.<\/p>\n<p>El tenor de la Asamblea se desarroll\u00f3 en los temas de licenciamiento de clubes; integraci\u00f3n de las comisiones de desarrollo y marketing; lunes premier y asuntos generales.<\/p>\n<p>El C.P. Jos\u00e9 V\u00e1zquez \u00c1vila, presidente de Liga Premier solicit\u00f3 al pleno un reconocimiento al Club Inter Playa del Carmen como primer equipo de la Liga en lograr el Campeonato de la segunda edici\u00f3n de Copa Conecta 2023, el cual obtuvo al derrotar a Club Calor el pasado mes de marzo.<\/p>\n<p>Por su parte, Amador Guti\u00e9rrez solicit\u00f3 ante el pleno, el reconocimiento al club Canc\u00fan FC, por haber obtenido el t\u00edtulo de Liga Expansi\u00f3n, debido a que la instituci\u00f3n cancunense cuenta con Pioneros de Canc\u00fan FC como franquicia de Liga Premier.<\/p>\n<p>En cuanto al Inter Playa del Carmen, Amador Guti\u00e9rrez, titular del Inter Playa del Carmen mencion\u00f3 en el tema de Licenciamiento de Clubes que el equipo quintanarroense lleva de forma positiva el proceso para concretar su licenciamiento como requerimiento de la Federaci\u00f3n Mexicana de F\u00fatbol (FMF).<\/p>\n<p>Junto a Amador Guti\u00e9rrez, titular del \u201cEquipo del Coraz\u00f3n de la Riviera Maya\u201d asistieron C\u00e9sar Poot, secretario t\u00e9cnico de la instituci\u00f3n playense y Pedro Leal, coordinador de comunicaci\u00f3n del club.<\/p>\n","protected":false},"excerpt":{"rendered":"<p>El Club Inter Playa del Carmen particip\u00f3 en la Asamblea General Ordinaria y Extraordinaria de Clubes de Liga Premier, en la que asisti\u00f3 Amador Guti\u00e9rrez como representante del equipo \u201cGigante de Quintana Roo\u201d. Al inicio de la asamblea, el C.P. Jos\u00e9 V\u00e1zquez \u00c1vila, presidente de Liga Premier, dio la bienvenida a los clubes y dese\u00f3 [&hellip;]<\/p>\n","protected":false},"author":1,"featured_media":31232,"comment_status":"closed","ping_status":"closed","sticky":false,"template":"","format":"standard","meta":{"footnotes":""},"categories":[6],"tags":[],"class_list":["post-31231","post","type-post","status-publish","format-standard","has-post-thumbnail","hentry","category-deportes"],"_links":{"self":[{"href":"https:\/\/solidaridadnews.com\/index.php?rest_route=\/wp\/v2\/posts\/31231","targetHints":{"allow":["GET"]}}],"collection":[{"href":"https:\/\/solidaridadnews.com\/index.php?rest_route=\/wp\/v2\/posts"}],"about":[{"href":"https:\/\/solidaridadnews.com\/index.php?rest_route=\/wp\/v2\/types\/post"}],"author":[{"embeddable":true,"href":"https:\/\/solidaridadnews.com\/index.php?rest_route=\/wp\/v2\/users\/1"}],"replies":[{"embeddable":true,"href":"https:\/\/solidaridadnews.com\/index.php?rest_route=%2Fwp%2Fv2%2Fcomments&post=31231"}],"version-history":[{"count":1,"href":"https:\/\/solidaridadnews.com\/index.php?rest_route=\/wp\/v2\/posts\/31231\/revisions"}],"predecessor-version":[{"id":31233,"href":"https:\/\/solidaridadnews.com\/index.php?rest_route=\/wp\/v2\/posts\/31231\/revisions\/31233"}],"wp:featuredmedia":[{"embeddable":true,"href":"https:\/\/solidaridadnews.com\/index.php?rest_route=\/wp\/v2\/media\/31232"}],"wp:attachment":[{"href":"https:\/\/solidaridadnews.com\/index.php?rest_route=%2Fwp%2Fv2%2Fmedia&parent=31231"}],"wp:term":[{"taxonomy":"category","embeddable":true,"href":"https:\/\/solidaridadnews.com\/index.php?rest_route=%2Fwp%2Fv2%2Fcategories&post=31231"},{"taxonomy":"post_tag","embeddable":true,"href":"https:\/\/solidaridadnews.com\/index.php?rest_route=%2Fwp%2Fv2%2Ftags&post=31231"}],"curies":[{"name":"wp","href":"https:\/\/api.w.org\/{rel}","templated":true}]}}