{"id":31192,"date":"2024-01-05T18:07:06","date_gmt":"2024-01-05T18:07:06","guid":{"rendered":"https:\/\/solidaridadnews.com\/?p=31192"},"modified":"2024-01-05T18:07:06","modified_gmt":"2024-01-05T18:07:06","slug":"la-costa-solidarense-se-prepara-para-la-fiesta-del-voleibol-playero-internacional","status":"publish","type":"post","link":"https:\/\/solidaridadnews.com\/?p=31192","title":{"rendered":"La costa solidarense se prepara para la fiesta del Voleibol Playero Internacional"},"content":{"rendered":"<p>El a\u00f1o comienza con fuerza en Solidaridad, y el deporte local se prepara para un mes lleno de eventos. Las hermosas playas del litoral solidarense se engalanan con el Torneo de Voleibol Playero Internacional, programado del 12 al 14 de enero en la playa frente al parque Fundadores. Este evento contar\u00e1 con la participaci\u00f3n de equipos de M\u00e9xico, Canad\u00e1 y Estados Unidos, inicialmente concebido como un intercambio entre mexicanos y canadienses, pero que ha despertado el inter\u00e9s de otros equipos, prometiendo ser una gran fiesta deportiva en la playa.<\/p>\n<p>El voleibol de playa goza de una gran afici\u00f3n en el municipio de Solidaridad. El Instituto del Deporte Municipal, en colaboraci\u00f3n con el Club Jaguar, organiza el torneo, que incluir\u00e1 equipos en las categor\u00edas femenil, varonil y mixto. La categor\u00eda es libre, y las acciones comenzar\u00e1n el viernes 12 con la participaci\u00f3n de los equipos mixtos. El s\u00e1bado 13 se llevar\u00e1 a cabo la eliminatoria femenil y varonil, mientras que el domingo 14 ser\u00e1 la ronda final, con la ceremonia de premiaci\u00f3n programada para las cuatro de la tarde.<\/p>\n<p>Amador Guti\u00e9rrez Guigui, director general del IDM, expres\u00f3 su entusiasmo por la actividad deportiva que marca el inicio del 2024. Subray\u00f3 la importancia del turismo deportivo como un respaldo para las familias solidarenses, invitando a los participantes y sus familias a disfrutar de las bellezas naturales de Solidaridad y contribuir al \u00e9xito del torneo.<\/p>\n<p>Las inscripciones a\u00fan est\u00e1n abiertas, y para obtener m\u00e1s informaci\u00f3n sobre el torneo, se puede contactar al tel\u00e9fono 9841563314 con Mauricio Rosales del club Jaguar. Hasta el momento, destacados jugadores como Byron \u00abBarbie\u00bb Berkvens y JF \u00abKen\u00bb Naud de Canad\u00e1, as\u00ed como Sam Seadeh, Felix Sauerland y Stevie Wenzel de Estados Unidos, y la talentosa Petra Duchoslavov\u00e1 de la Rep\u00fablica Checa, se han sumado a la lista de participantes, junto con talentosos jugadores locales.<\/p>\n","protected":false},"excerpt":{"rendered":"<p>El a\u00f1o comienza con fuerza en Solidaridad, y el deporte local se prepara para un mes lleno de eventos. Las hermosas playas del litoral solidarense se engalanan con el Torneo de Voleibol Playero Internacional, programado del 12 al 14 de enero en la playa frente al parque Fundadores. Este evento contar\u00e1 con la participaci\u00f3n de [&hellip;]<\/p>\n","protected":false},"author":1,"featured_media":31193,"comment_status":"closed","ping_status":"closed","sticky":false,"template":"","format":"standard","meta":{"footnotes":""},"categories":[6],"tags":[],"class_list":["post-31192","post","type-post","status-publish","format-standard","has-post-thumbnail","hentry","category-deportes"],"_links":{"self":[{"href":"https:\/\/solidaridadnews.com\/index.php?rest_route=\/wp\/v2\/posts\/31192","targetHints":{"allow":["GET"]}}],"collection":[{"href":"https:\/\/solidaridadnews.com\/index.php?rest_route=\/wp\/v2\/posts"}],"about":[{"href":"https:\/\/solidaridadnews.com\/index.php?rest_route=\/wp\/v2\/types\/post"}],"author":[{"embeddable":true,"href":"https:\/\/solidaridadnews.com\/index.php?rest_route=\/wp\/v2\/users\/1"}],"replies":[{"embeddable":true,"href":"https:\/\/solidaridadnews.com\/index.php?rest_route=%2Fwp%2Fv2%2Fcomments&post=31192"}],"version-history":[{"count":1,"href":"https:\/\/solidaridadnews.com\/index.php?rest_route=\/wp\/v2\/posts\/31192\/revisions"}],"predecessor-version":[{"id":31194,"href":"https:\/\/solidaridadnews.com\/index.php?rest_route=\/wp\/v2\/posts\/31192\/revisions\/31194"}],"wp:featuredmedia":[{"embeddable":true,"href":"https:\/\/solidaridadnews.com\/index.php?rest_route=\/wp\/v2\/media\/31193"}],"wp:attachment":[{"href":"https:\/\/solidaridadnews.com\/index.php?rest_route=%2Fwp%2Fv2%2Fmedia&parent=31192"}],"wp:term":[{"taxonomy":"category","embeddable":true,"href":"https:\/\/solidaridadnews.com\/index.php?rest_route=%2Fwp%2Fv2%2Fcategories&post=31192"},{"taxonomy":"post_tag","embeddable":true,"href":"https:\/\/solidaridadnews.com\/index.php?rest_route=%2Fwp%2Fv2%2Ftags&post=31192"}],"curies":[{"name":"wp","href":"https:\/\/api.w.org\/{rel}","templated":true}]}}