{"id":31183,"date":"2024-01-04T18:24:29","date_gmt":"2024-01-04T18:24:29","guid":{"rendered":"https:\/\/solidaridadnews.com\/?p=31183"},"modified":"2024-01-04T18:24:29","modified_gmt":"2024-01-04T18:24:29","slug":"mensajes-de-agradecimiento-y-compromisos-en-la-toma-de-posesion-de-lenia-batres-en-la-scjn","status":"publish","type":"post","link":"https:\/\/solidaridadnews.com\/?p=31183","title":{"rendered":"Mensajes de agradecimiento y compromisos en la toma de posesi\u00f3n de Lenia Batres en la SCJN"},"content":{"rendered":"<p>Lenia Batres asumi\u00f3 su cargo como ministra de la Suprema Corte de Justicia de la Naci\u00f3n (SCJN) en una ceremonia solemne celebrada el jueves 4 de enero. La ministra presidenta, Norma Pi\u00f1a, lider\u00f3 la sesi\u00f3n en la que se destac\u00f3 la ausencia de los ministros Gonz\u00e1lez Alc\u00e1ntara y R\u00edos Farjat por vacaciones.<\/p>\n<p>Durante la ceremonia, Batres recibi\u00f3 la toga y la credencial de la Corte de manos de la ministra presidenta. Yasm\u00edn Esquivel, otra ministra de la SCJN, elogi\u00f3 el entorno familiar de Batres, describi\u00e9ndolos como \u00abmexicanos de gran calidad humana y profundamente nacionalistas\u00bb.<\/p>\n<p>En su discurso, Lenia Batres expres\u00f3 su agradecimiento a diversas personalidades presentes, incluyendo secretarios de Estado, legisladores de Morena y su hermano Mart\u00ed, jefe de gobierno de la Ciudad de M\u00e9xico, as\u00ed como a Ernestina Godoy, titular de la Fiscal\u00eda General de Justicia de la Ciudad de M\u00e9xico (FGJCDMX).<\/p>\n<p>Batres Guadarrama resalt\u00f3 la importancia de que la SCJN aborde los casos constitucionales de manera integral, enfatizando la necesidad de examinar el fondo de los asuntos en lugar de centrarse solo en procedimientos formales. Hizo referencia a las reformas El\u00e9ctrica y Electoral propuestas por el presidente L\u00f3pez Obrador, las cuales fueron declaradas inv\u00e1lidas por la SCJN debido a cuestiones procedimentales.<\/p>\n<p>Advirti\u00f3 que abogar\u00e1 por que la SCJN cumpla con el mandato constitucional de privilegiar la soluci\u00f3n de conflictos sobre los formalismos procedimentales, permitiendo as\u00ed un an\u00e1lisis m\u00e1s profundo de la constitucionalidad de las leyes.<\/p>\n","protected":false},"excerpt":{"rendered":"<p>Lenia Batres asumi\u00f3 su cargo como ministra de la Suprema Corte de Justicia de la Naci\u00f3n (SCJN) en una ceremonia solemne celebrada el jueves 4 de enero. La ministra presidenta, Norma Pi\u00f1a, lider\u00f3 la sesi\u00f3n en la que se destac\u00f3 la ausencia de los ministros Gonz\u00e1lez Alc\u00e1ntara y R\u00edos Farjat por vacaciones. Durante la ceremonia, [&hellip;]<\/p>\n","protected":false},"author":1,"featured_media":31184,"comment_status":"closed","ping_status":"closed","sticky":false,"template":"","format":"standard","meta":{"footnotes":""},"categories":[2],"tags":[],"class_list":["post-31183","post","type-post","status-publish","format-standard","has-post-thumbnail","hentry","category-nacional"],"_links":{"self":[{"href":"https:\/\/solidaridadnews.com\/index.php?rest_route=\/wp\/v2\/posts\/31183","targetHints":{"allow":["GET"]}}],"collection":[{"href":"https:\/\/solidaridadnews.com\/index.php?rest_route=\/wp\/v2\/posts"}],"about":[{"href":"https:\/\/solidaridadnews.com\/index.php?rest_route=\/wp\/v2\/types\/post"}],"author":[{"embeddable":true,"href":"https:\/\/solidaridadnews.com\/index.php?rest_route=\/wp\/v2\/users\/1"}],"replies":[{"embeddable":true,"href":"https:\/\/solidaridadnews.com\/index.php?rest_route=%2Fwp%2Fv2%2Fcomments&post=31183"}],"version-history":[{"count":1,"href":"https:\/\/solidaridadnews.com\/index.php?rest_route=\/wp\/v2\/posts\/31183\/revisions"}],"predecessor-version":[{"id":31185,"href":"https:\/\/solidaridadnews.com\/index.php?rest_route=\/wp\/v2\/posts\/31183\/revisions\/31185"}],"wp:featuredmedia":[{"embeddable":true,"href":"https:\/\/solidaridadnews.com\/index.php?rest_route=\/wp\/v2\/media\/31184"}],"wp:attachment":[{"href":"https:\/\/solidaridadnews.com\/index.php?rest_route=%2Fwp%2Fv2%2Fmedia&parent=31183"}],"wp:term":[{"taxonomy":"category","embeddable":true,"href":"https:\/\/solidaridadnews.com\/index.php?rest_route=%2Fwp%2Fv2%2Fcategories&post=31183"},{"taxonomy":"post_tag","embeddable":true,"href":"https:\/\/solidaridadnews.com\/index.php?rest_route=%2Fwp%2Fv2%2Ftags&post=31183"}],"curies":[{"name":"wp","href":"https:\/\/api.w.org\/{rel}","templated":true}]}}