{"id":31174,"date":"2024-01-04T17:38:49","date_gmt":"2024-01-04T17:38:49","guid":{"rendered":"https:\/\/solidaridadnews.com\/?p=31174"},"modified":"2024-01-04T17:38:49","modified_gmt":"2024-01-04T17:38:49","slug":"convocatoria-abierta-para-exponer-en-la-galeria-de-arte-de-solidaridad-durante-este-ano","status":"publish","type":"post","link":"https:\/\/solidaridadnews.com\/?p=31174","title":{"rendered":"Convocatoria abierta para exponer en la Galer\u00eda de Arte de Solidaridad durante este a\u00f1o"},"content":{"rendered":"<p>Este gobierno, liderado por Lili Campos, a trav\u00e9s del Instituto Municipal de la Cultura y las Artes, ha lanzado una convocatoria para que artistas pl\u00e1sticos y visuales participen en la programaci\u00f3n de exposiciones para el a\u00f1o 2024. Hasta el momento, se han recibido 55 respuestas de artistas de todo el estado que desean exponer sus obras durante este a\u00f1o.<\/p>\n<p>Desde su apertura el 26 de julio de 2023, la galer\u00eda ha registrado m\u00e1s de 3 mil visitas y ha acogido obras de m\u00e1s de 100 artistas locales en seis exposiciones, incluyendo dos hist\u00f3ricas y cuatro de arte. En este contexto, se hace un llamado a los artistas para que participen y compartan su arte.<\/p>\n<p>Los artistas interesados en participar deben enviar sus propuestas al correo galeriadearte.solidaridad@gmail.com antes del 15 de enero de 2024. La informaci\u00f3n requerida incluye el nombre completo del artista o grupo, t\u00edtulo de la exposici\u00f3n, breve descripci\u00f3n de su trabajo y enfoque art\u00edstico, im\u00e1genes de las obras que planean exponer con c\u00e9dula de obra, semblanza curricular, dossier o portafolio (en el caso de artistas individuales o grupos), e informaci\u00f3n de contacto, como tel\u00e9fono, correo electr\u00f3nico, redes sociales y domicilio fiscal y\/o f\u00edsico del artista o representante de la agrupaci\u00f3n, adem\u00e1s de una copia de su identificaci\u00f3n oficial.<\/p>\n<p>Es relevante mencionar que las propuestas ser\u00e1n evaluadas por un Comit\u00e9 de Selecci\u00f3n de la Galer\u00eda de Arte de Solidaridad. Los artistas seleccionados ser\u00e1n notificados por correo electr\u00f3nico el 30 de enero de 2024. La participaci\u00f3n en la convocatoria es gratuita, y no se realizar\u00e1 ning\u00fan cobro por concepto de montaje.<\/p>\n","protected":false},"excerpt":{"rendered":"<p>Este gobierno, liderado por Lili Campos, a trav\u00e9s del Instituto Municipal de la Cultura y las Artes, ha lanzado una convocatoria para que artistas pl\u00e1sticos y visuales participen en la programaci\u00f3n de exposiciones para el a\u00f1o 2024. Hasta el momento, se han recibido 55 respuestas de artistas de todo el estado que desean exponer sus [&hellip;]<\/p>\n","protected":false},"author":1,"featured_media":31175,"comment_status":"closed","ping_status":"closed","sticky":false,"template":"","format":"standard","meta":{"footnotes":""},"categories":[4],"tags":[],"class_list":["post-31174","post","type-post","status-publish","format-standard","has-post-thumbnail","hentry","category-local"],"_links":{"self":[{"href":"https:\/\/solidaridadnews.com\/index.php?rest_route=\/wp\/v2\/posts\/31174","targetHints":{"allow":["GET"]}}],"collection":[{"href":"https:\/\/solidaridadnews.com\/index.php?rest_route=\/wp\/v2\/posts"}],"about":[{"href":"https:\/\/solidaridadnews.com\/index.php?rest_route=\/wp\/v2\/types\/post"}],"author":[{"embeddable":true,"href":"https:\/\/solidaridadnews.com\/index.php?rest_route=\/wp\/v2\/users\/1"}],"replies":[{"embeddable":true,"href":"https:\/\/solidaridadnews.com\/index.php?rest_route=%2Fwp%2Fv2%2Fcomments&post=31174"}],"version-history":[{"count":1,"href":"https:\/\/solidaridadnews.com\/index.php?rest_route=\/wp\/v2\/posts\/31174\/revisions"}],"predecessor-version":[{"id":31176,"href":"https:\/\/solidaridadnews.com\/index.php?rest_route=\/wp\/v2\/posts\/31174\/revisions\/31176"}],"wp:featuredmedia":[{"embeddable":true,"href":"https:\/\/solidaridadnews.com\/index.php?rest_route=\/wp\/v2\/media\/31175"}],"wp:attachment":[{"href":"https:\/\/solidaridadnews.com\/index.php?rest_route=%2Fwp%2Fv2%2Fmedia&parent=31174"}],"wp:term":[{"taxonomy":"category","embeddable":true,"href":"https:\/\/solidaridadnews.com\/index.php?rest_route=%2Fwp%2Fv2%2Fcategories&post=31174"},{"taxonomy":"post_tag","embeddable":true,"href":"https:\/\/solidaridadnews.com\/index.php?rest_route=%2Fwp%2Fv2%2Ftags&post=31174"}],"curies":[{"name":"wp","href":"https:\/\/api.w.org\/{rel}","templated":true}]}}