{"id":31111,"date":"2024-01-03T17:49:09","date_gmt":"2024-01-03T17:49:09","guid":{"rendered":"https:\/\/solidaridadnews.com\/?p=31111"},"modified":"2024-01-03T17:49:09","modified_gmt":"2024-01-03T17:49:09","slug":"villa-navidena-invita-a-solidarenses-a-celebrar-en-grande","status":"publish","type":"post","link":"https:\/\/solidaridadnews.com\/?p=31111","title":{"rendered":"&#8216;Villa Navide\u00f1a&#8217; invita a solidarenses a celebrar en grande"},"content":{"rendered":"<p>La \u00abVilla Navide\u00f1a\u00bb, un espacio dedicado a la sana diversi\u00f3n que promueve el fortalecimiento de la convivencia familiar, contin\u00faa abierta para recibir a los solidarenses. La iniciativa, liderada por la presidenta Lili Campos, invita a la poblaci\u00f3n en general a disfrutar gratuitamente de sus actividades hasta el pr\u00f3ximo domingo, ubicada en el Recinto Ferial en la avenida CTM con avenida 75.<\/p>\n<p>Las familias tienen la oportunidad de deleitarse con un espect\u00e1culo de circo sobre hielo, con dos funciones diarias a las 6:15 pm y 8:30 pm, as\u00ed como disfrutar de obras de teatro, diversas actividades y sorpresas, todo de forma gratuita. Los ni\u00f1os y ni\u00f1as pueden experimentar la emoci\u00f3n de la pista de patinaje sobre hielo y deslizarse por un tobog\u00e1n helado.<\/p>\n<p>La \u00abVilla Navide\u00f1a\u00bb est\u00e1 iluminada con luces de colores, presentando un escenario festivo que incluye el trineo de Santa, un \u00e1rbol de navidad, figuras de renos, esferas, un pintoresco trenecito para recorridos, brincolines, un escenario para artistas, botargas de dibujos animados y mucho m\u00e1s.<\/p>\n<p>La invitaci\u00f3n est\u00e1 abierta a toda la comunidad, ofreciendo un lugar lleno de alegr\u00eda y entretenimiento que permanecer\u00e1 abierto hasta el 7 de enero, desde las 5 de la tarde hasta las 11 de la noche.<\/p>\n","protected":false},"excerpt":{"rendered":"<p>La \u00abVilla Navide\u00f1a\u00bb, un espacio dedicado a la sana diversi\u00f3n que promueve el fortalecimiento de la convivencia familiar, contin\u00faa abierta para recibir a los solidarenses. La iniciativa, liderada por la presidenta Lili Campos, invita a la poblaci\u00f3n en general a disfrutar gratuitamente de sus actividades hasta el pr\u00f3ximo domingo, ubicada en el Recinto Ferial en [&hellip;]<\/p>\n","protected":false},"author":1,"featured_media":31112,"comment_status":"closed","ping_status":"closed","sticky":false,"template":"","format":"standard","meta":{"footnotes":""},"categories":[4],"tags":[],"class_list":["post-31111","post","type-post","status-publish","format-standard","has-post-thumbnail","hentry","category-local"],"_links":{"self":[{"href":"https:\/\/solidaridadnews.com\/index.php?rest_route=\/wp\/v2\/posts\/31111","targetHints":{"allow":["GET"]}}],"collection":[{"href":"https:\/\/solidaridadnews.com\/index.php?rest_route=\/wp\/v2\/posts"}],"about":[{"href":"https:\/\/solidaridadnews.com\/index.php?rest_route=\/wp\/v2\/types\/post"}],"author":[{"embeddable":true,"href":"https:\/\/solidaridadnews.com\/index.php?rest_route=\/wp\/v2\/users\/1"}],"replies":[{"embeddable":true,"href":"https:\/\/solidaridadnews.com\/index.php?rest_route=%2Fwp%2Fv2%2Fcomments&post=31111"}],"version-history":[{"count":1,"href":"https:\/\/solidaridadnews.com\/index.php?rest_route=\/wp\/v2\/posts\/31111\/revisions"}],"predecessor-version":[{"id":31113,"href":"https:\/\/solidaridadnews.com\/index.php?rest_route=\/wp\/v2\/posts\/31111\/revisions\/31113"}],"wp:featuredmedia":[{"embeddable":true,"href":"https:\/\/solidaridadnews.com\/index.php?rest_route=\/wp\/v2\/media\/31112"}],"wp:attachment":[{"href":"https:\/\/solidaridadnews.com\/index.php?rest_route=%2Fwp%2Fv2%2Fmedia&parent=31111"}],"wp:term":[{"taxonomy":"category","embeddable":true,"href":"https:\/\/solidaridadnews.com\/index.php?rest_route=%2Fwp%2Fv2%2Fcategories&post=31111"},{"taxonomy":"post_tag","embeddable":true,"href":"https:\/\/solidaridadnews.com\/index.php?rest_route=%2Fwp%2Fv2%2Ftags&post=31111"}],"curies":[{"name":"wp","href":"https:\/\/api.w.org\/{rel}","templated":true}]}}