{"id":31108,"date":"2024-01-03T17:22:41","date_gmt":"2024-01-03T17:22:41","guid":{"rendered":"https:\/\/solidaridadnews.com\/?p=31108"},"modified":"2024-01-03T17:22:41","modified_gmt":"2024-01-03T17:22:41","slug":"atentados-terroristas-en-aniversario-de-la-muerte-de-soleimani","status":"publish","type":"post","link":"https:\/\/solidaridadnews.com\/?p=31108","title":{"rendered":"Atentados terroristas en aniversario de la muerte de Soleimani"},"content":{"rendered":"<p>Dos explosiones, atribuidas a \u00abataques terroristas\u00bb, han dejado m\u00e1s de 70 personas fallecidas y m\u00e1s de un centenar de heridos cerca de un cementerio en Ir\u00e1n, donde se conmemoraba la muerte del entonces m\u00e1ximo comandante del pa\u00eds, Qassem Soleimani, en 2020, seg\u00fan informaron funcionarios iran\u00edes el mi\u00e9rcoles.<\/p>\n<p>La televisi\u00f3n estatal iran\u00ed report\u00f3 una primera explosi\u00f3n seguida de una segunda durante un acto conmemorativo en el cementerio donde descansa Soleimani, ubicado en la ciudad suroriental de Kerman.<\/p>\n<p>\u00abLas explosiones fueron resultado de ataques terroristas\u00bb, declararon los medios estatales, citando a un funcionario local de la provincia de Kerman.<\/p>\n<p>Posteriormente, Babak Yektaparast, portavoz de los servicios de emergencia iran\u00edes, inform\u00f3 que 73 personas perdieron la vida y 170 resultaron heridas.<\/p>\n<p>Anteriormente, el peri\u00f3dico semioficial Nournews hab\u00eda mencionado que \u00abvarias bombonas de gas explotaron en la carretera que conduce al cementerio\u00bb.<\/p>\n<p>Im\u00e1genes transmitidas por la televisi\u00f3n estatal mostraron a los equipos de rescate de la Media Luna Roja atendiendo a los heridos en la ceremonia, donde cientos de iran\u00edes se hab\u00edan congregado para conmemorar el aniversario de la muerte de Soleimani.<\/p>\n<p>Reza Fallah, jefe de la Media Luna Roja de la provincia de Kerman, declar\u00f3 a la televisi\u00f3n estatal: \u00abNuestros equipos de respuesta r\u00e1pida est\u00e1n evacuando a los heridos, pero hay oleadas de multitudes que bloquean las carreteras\u00bb.<\/p>\n","protected":false},"excerpt":{"rendered":"<p>Dos explosiones, atribuidas a \u00abataques terroristas\u00bb, han dejado m\u00e1s de 70 personas fallecidas y m\u00e1s de un centenar de heridos cerca de un cementerio en Ir\u00e1n, donde se conmemoraba la muerte del entonces m\u00e1ximo comandante del pa\u00eds, Qassem Soleimani, en 2020, seg\u00fan informaron funcionarios iran\u00edes el mi\u00e9rcoles. La televisi\u00f3n estatal iran\u00ed report\u00f3 una primera explosi\u00f3n [&hellip;]<\/p>\n","protected":false},"author":1,"featured_media":31109,"comment_status":"closed","ping_status":"closed","sticky":false,"template":"","format":"standard","meta":{"footnotes":""},"categories":[9],"tags":[],"class_list":["post-31108","post","type-post","status-publish","format-standard","has-post-thumbnail","hentry","category-internacional"],"_links":{"self":[{"href":"https:\/\/solidaridadnews.com\/index.php?rest_route=\/wp\/v2\/posts\/31108","targetHints":{"allow":["GET"]}}],"collection":[{"href":"https:\/\/solidaridadnews.com\/index.php?rest_route=\/wp\/v2\/posts"}],"about":[{"href":"https:\/\/solidaridadnews.com\/index.php?rest_route=\/wp\/v2\/types\/post"}],"author":[{"embeddable":true,"href":"https:\/\/solidaridadnews.com\/index.php?rest_route=\/wp\/v2\/users\/1"}],"replies":[{"embeddable":true,"href":"https:\/\/solidaridadnews.com\/index.php?rest_route=%2Fwp%2Fv2%2Fcomments&post=31108"}],"version-history":[{"count":1,"href":"https:\/\/solidaridadnews.com\/index.php?rest_route=\/wp\/v2\/posts\/31108\/revisions"}],"predecessor-version":[{"id":31110,"href":"https:\/\/solidaridadnews.com\/index.php?rest_route=\/wp\/v2\/posts\/31108\/revisions\/31110"}],"wp:featuredmedia":[{"embeddable":true,"href":"https:\/\/solidaridadnews.com\/index.php?rest_route=\/wp\/v2\/media\/31109"}],"wp:attachment":[{"href":"https:\/\/solidaridadnews.com\/index.php?rest_route=%2Fwp%2Fv2%2Fmedia&parent=31108"}],"wp:term":[{"taxonomy":"category","embeddable":true,"href":"https:\/\/solidaridadnews.com\/index.php?rest_route=%2Fwp%2Fv2%2Fcategories&post=31108"},{"taxonomy":"post_tag","embeddable":true,"href":"https:\/\/solidaridadnews.com\/index.php?rest_route=%2Fwp%2Fv2%2Ftags&post=31108"}],"curies":[{"name":"wp","href":"https:\/\/api.w.org\/{rel}","templated":true}]}}