{"id":31105,"date":"2024-01-03T16:50:41","date_gmt":"2024-01-03T16:50:41","guid":{"rendered":"https:\/\/solidaridadnews.com\/?p=31105"},"modified":"2024-01-03T16:50:41","modified_gmt":"2024-01-03T16:50:41","slug":"impresionante-afluencia-en-playa-del-carmen-durante-los-festejos-de-fin-de-ano","status":"publish","type":"post","link":"https:\/\/solidaridadnews.com\/?p=31105","title":{"rendered":"Impresionante afluencia en Playa del Carmen durante los festejos de fin de a\u00f1o"},"content":{"rendered":"<p>Playa del Carmen cerr\u00f3 el a\u00f1o con una ocupaci\u00f3n hotelera promedio del 90%, seg\u00fan inform\u00f3 hoy Samaria Angulo Salas, secretaria de Turismo de Solidaridad. Destac\u00f3 la presencia de m\u00e1s de siete mil personas durante los eventos de fin de a\u00f1o organizados por el municipio.<\/p>\n<p>En una entrevista, Angulo Salas resalt\u00f3 el aumento en la llegada de pasajeros al aeropuerto de Canc\u00fan, superando las cifras del a\u00f1o anterior, con la mayor\u00eda de los visitantes dirigi\u00e9ndose a Playa del Carmen como su destino final. Aunque los n\u00fameros oficiales a\u00fan no est\u00e1n disponibles, la funcionaria sugiri\u00f3 que es posible que se haya superado el pron\u00f3stico de crecimiento anual del 2% previsto para 2023.<\/p>\n<p>Adelant\u00f3 que esperan mantener altos niveles de ocupaci\u00f3n en enero con la llegada de eventos como los festejos del 6 de enero, que incluyen la tradicional Rosca de Reyes. Angulo Salas tambi\u00e9n destac\u00f3 que el Centro de Atenci\u00f3n y Protecci\u00f3n al Turista (Capta) atendi\u00f3 a m\u00e1s de 2,600 personas, superando las cifras del a\u00f1o pasado.<\/p>\n<p>Por \u00faltimo, inform\u00f3 sobre la formaci\u00f3n de un grupo interdisciplinario compuesto por empresarios, cronistas de la ciudad, arquitectos y miembros de la sociedad civil para participar en el programa federal Barrio M\u00e1gico. Sin embargo, est\u00e1n a la espera de que la Secretar\u00eda de Turismo (Sectur) lance la convocatoria para participar en el proyecto.<\/p>\n","protected":false},"excerpt":{"rendered":"<p>Playa del Carmen cerr\u00f3 el a\u00f1o con una ocupaci\u00f3n hotelera promedio del 90%, seg\u00fan inform\u00f3 hoy Samaria Angulo Salas, secretaria de Turismo de Solidaridad. Destac\u00f3 la presencia de m\u00e1s de siete mil personas durante los eventos de fin de a\u00f1o organizados por el municipio. En una entrevista, Angulo Salas resalt\u00f3 el aumento en la llegada [&hellip;]<\/p>\n","protected":false},"author":1,"featured_media":31106,"comment_status":"closed","ping_status":"closed","sticky":false,"template":"","format":"standard","meta":{"footnotes":""},"categories":[4],"tags":[],"class_list":["post-31105","post","type-post","status-publish","format-standard","has-post-thumbnail","hentry","category-local"],"_links":{"self":[{"href":"https:\/\/solidaridadnews.com\/index.php?rest_route=\/wp\/v2\/posts\/31105","targetHints":{"allow":["GET"]}}],"collection":[{"href":"https:\/\/solidaridadnews.com\/index.php?rest_route=\/wp\/v2\/posts"}],"about":[{"href":"https:\/\/solidaridadnews.com\/index.php?rest_route=\/wp\/v2\/types\/post"}],"author":[{"embeddable":true,"href":"https:\/\/solidaridadnews.com\/index.php?rest_route=\/wp\/v2\/users\/1"}],"replies":[{"embeddable":true,"href":"https:\/\/solidaridadnews.com\/index.php?rest_route=%2Fwp%2Fv2%2Fcomments&post=31105"}],"version-history":[{"count":1,"href":"https:\/\/solidaridadnews.com\/index.php?rest_route=\/wp\/v2\/posts\/31105\/revisions"}],"predecessor-version":[{"id":31107,"href":"https:\/\/solidaridadnews.com\/index.php?rest_route=\/wp\/v2\/posts\/31105\/revisions\/31107"}],"wp:featuredmedia":[{"embeddable":true,"href":"https:\/\/solidaridadnews.com\/index.php?rest_route=\/wp\/v2\/media\/31106"}],"wp:attachment":[{"href":"https:\/\/solidaridadnews.com\/index.php?rest_route=%2Fwp%2Fv2%2Fmedia&parent=31105"}],"wp:term":[{"taxonomy":"category","embeddable":true,"href":"https:\/\/solidaridadnews.com\/index.php?rest_route=%2Fwp%2Fv2%2Fcategories&post=31105"},{"taxonomy":"post_tag","embeddable":true,"href":"https:\/\/solidaridadnews.com\/index.php?rest_route=%2Fwp%2Fv2%2Ftags&post=31105"}],"curies":[{"name":"wp","href":"https:\/\/api.w.org\/{rel}","templated":true}]}}