{"id":31080,"date":"2024-01-02T15:29:29","date_gmt":"2024-01-02T15:29:29","guid":{"rendered":"https:\/\/solidaridadnews.com\/?p=31080"},"modified":"2024-01-02T15:29:29","modified_gmt":"2024-01-02T15:29:29","slug":"exploracion-arqueologica-descubre-camara-sepulcral-en-tulum","status":"publish","type":"post","link":"https:\/\/solidaridadnews.com\/?p=31080","title":{"rendered":"Exploraci\u00f3n arqueol\u00f3gica descubre c\u00e1mara sepulcral en Tulum"},"content":{"rendered":"<p>Como parte de las investigaciones llevadas a cabo por la Secretar\u00eda de Cultura federal, a trav\u00e9s del Instituto Nacional de Antropolog\u00eda e Historia (INAH), en el marco del Programa de Mejoramiento de Zona Arqueol\u00f3gicas (Promeza), se ha identificado la entrada de una cueva previamente clausurada con una roca de gran tama\u00f1o en el interior del \u00e1rea amurallada de Tulum.<\/p>\n<p>El descubrimiento tuvo lugar durante las labores de liberaci\u00f3n de \u00e1reas para la construcci\u00f3n de un nuevo sendero entre los edificios 21 (Templo de las columnas) y 25 (Templo del Halach Uinic).<\/p>\n<p>Jos\u00e9 Antonio Reyes Sol\u00eds, coordinador del proyecto de investigaci\u00f3n arqueol\u00f3gica, inform\u00f3 que en la parte superior de la pared frontal de la cueva se encontr\u00f3 un caracol marino adherido con estuco a la roca madre, formando parte de una decoraci\u00f3n realizada por los mayas prehisp\u00e1nicos.<\/p>\n<p>Al retirar la roca que bloqueaba la entrada de la cavidad, se descubri\u00f3 que esta estaba fracturando los restos \u00f3seos de un individuo, dejando la parte inferior del cuerpo afuera y la superior dentro de la cueva.<\/p>\n<p>Durante la exploraci\u00f3n de la cueva, se identificaron al menos dos peque\u00f1as c\u00e1maras, una al sur y otra al norte, con dimensiones de no m\u00e1s de 3 metros de largo por 2 metros de ancho y una altura promedio de 50 cent\u00edmetros. En estas c\u00e1maras se registraron ocho entierros, en su mayor\u00eda de adultos, en buen estado de conservaci\u00f3n gracias a las condiciones ambientales del espacio. La investigaci\u00f3n de estos materiales osteol\u00f3gicos est\u00e1 a cargo del Departamento de Antropolog\u00eda F\u00edsica, dirigido por Allan Ortega Mu\u00f1oz, en los laboratorios del Centro INAH Quintana Roo.<\/p>\n<p>Adem\u00e1s de los entierros, se encontraron numerosos restos \u00f3seos de animales asociados, incluyendo mam\u00edferos, aves, reptiles, peces, crust\u00e1ceos, moluscos y anfibios. Algunos de estos huesos presentan huellas de corte y otros est\u00e1n trabajados como artefactos, como punzones, agujas o mangos de abanicos, caracter\u00edsticas t\u00edpicas de la regi\u00f3n.<\/p>\n<p>Aunque se hallaron fragmentos de cer\u00e1mica del periodo Postcl\u00e1sico Tard\u00edo (1200-1550 d.C.) asociados a los entierros, solo tres individuos pueden vincularse directamente a un peque\u00f1o molcajete del tipo Papacal Inciso. Este elemento cer\u00e1mico est\u00e1 siendo restaurado por Carolina Segura Carrillo, parte del equipo de conservaci\u00f3n del Promeza en Tulum, bajo la direcci\u00f3n de Patricia Meehan Hermanson.<\/p>\n<p>El arque\u00f3logo Antonio Reyes Sol\u00eds destac\u00f3 los desaf\u00edos que ha presentado la excavaci\u00f3n arqueol\u00f3gica en las c\u00e1maras de la cueva, debido al reducido espacio, la escasa iluminaci\u00f3n, la elevada temperatura y humedad, as\u00ed como la presencia de insectos. A pesar de esto, el uso de tecnolog\u00edas como esc\u00e1neres l\u00e1ser y fotograf\u00eda de alta resoluci\u00f3n ha permitido registrar con detalle y precisi\u00f3n el contexto y los elementos arqueol\u00f3gicos encontrados.<\/p>\n<p>Estos registros tridimensionales y las im\u00e1genes de alta resoluci\u00f3n facilitar\u00e1n el an\u00e1lisis y procesamiento de los datos de campo, y se utilizar\u00e1n para crear modelos 3D detallados del interior de la cueva. Estos modelos virtuales permitir\u00e1n al p\u00fablico realizar un recorrido virtual, observando el contexto in situ de los materiales arqueol\u00f3gicos mediante visores digitales o aplicaciones m\u00f3viles.<\/p>\n<p>Los trabajos de investigaci\u00f3n en campo continuar\u00e1n a lo largo del a\u00f1o.<\/p>\n","protected":false},"excerpt":{"rendered":"<p>Como parte de las investigaciones llevadas a cabo por la Secretar\u00eda de Cultura federal, a trav\u00e9s del Instituto Nacional de Antropolog\u00eda e Historia (INAH), en el marco del Programa de Mejoramiento de Zona Arqueol\u00f3gicas (Promeza), se ha identificado la entrada de una cueva previamente clausurada con una roca de gran tama\u00f1o en el interior del [&hellip;]<\/p>\n","protected":false},"author":1,"featured_media":31081,"comment_status":"closed","ping_status":"closed","sticky":false,"template":"","format":"standard","meta":{"footnotes":""},"categories":[4],"tags":[],"class_list":["post-31080","post","type-post","status-publish","format-standard","has-post-thumbnail","hentry","category-local"],"_links":{"self":[{"href":"https:\/\/solidaridadnews.com\/index.php?rest_route=\/wp\/v2\/posts\/31080","targetHints":{"allow":["GET"]}}],"collection":[{"href":"https:\/\/solidaridadnews.com\/index.php?rest_route=\/wp\/v2\/posts"}],"about":[{"href":"https:\/\/solidaridadnews.com\/index.php?rest_route=\/wp\/v2\/types\/post"}],"author":[{"embeddable":true,"href":"https:\/\/solidaridadnews.com\/index.php?rest_route=\/wp\/v2\/users\/1"}],"replies":[{"embeddable":true,"href":"https:\/\/solidaridadnews.com\/index.php?rest_route=%2Fwp%2Fv2%2Fcomments&post=31080"}],"version-history":[{"count":1,"href":"https:\/\/solidaridadnews.com\/index.php?rest_route=\/wp\/v2\/posts\/31080\/revisions"}],"predecessor-version":[{"id":31082,"href":"https:\/\/solidaridadnews.com\/index.php?rest_route=\/wp\/v2\/posts\/31080\/revisions\/31082"}],"wp:featuredmedia":[{"embeddable":true,"href":"https:\/\/solidaridadnews.com\/index.php?rest_route=\/wp\/v2\/media\/31081"}],"wp:attachment":[{"href":"https:\/\/solidaridadnews.com\/index.php?rest_route=%2Fwp%2Fv2%2Fmedia&parent=31080"}],"wp:term":[{"taxonomy":"category","embeddable":true,"href":"https:\/\/solidaridadnews.com\/index.php?rest_route=%2Fwp%2Fv2%2Fcategories&post=31080"},{"taxonomy":"post_tag","embeddable":true,"href":"https:\/\/solidaridadnews.com\/index.php?rest_route=%2Fwp%2Fv2%2Ftags&post=31080"}],"curies":[{"name":"wp","href":"https:\/\/api.w.org\/{rel}","templated":true}]}}