{"id":31077,"date":"2024-01-02T14:41:00","date_gmt":"2024-01-02T14:41:00","guid":{"rendered":"https:\/\/solidaridadnews.com\/?p=31077"},"modified":"2024-01-02T14:41:00","modified_gmt":"2024-01-02T14:41:00","slug":"edwin-luna-dona-traje-emblematico-a-la-coleccion-de-hard-rock-hotels","status":"publish","type":"post","link":"https:\/\/solidaridadnews.com\/?p=31077","title":{"rendered":"Edwin Luna dona traje emblem\u00e1tico a la colecci\u00f3n de Hard Rock Hotels"},"content":{"rendered":"<p>Edwin Luna, el talentoso compositor y vocalista de La Trakalosa de Monterrey, se une al distinguido grupo de celebridades que enriquecen la c\u00e9lebre colecci\u00f3n de memorabilia de Hard Rock Hotels, una acumulaci\u00f3n que abarca m\u00e1s de 45 a\u00f1os y se exhibe en sus diversos complejos alrededor del mundo.<\/p>\n<p>El reconocido cantante, destacado en la escena musical mexicana y en varios pa\u00edses latinoamericanos, ha decidido donar una pieza \u00fanica que desempe\u00f1\u00f3 un papel significativo durante su aparici\u00f3n en la alfombra roja de los Premios Bandamax del Regional Mexicano en 2023, marcando un hito importante en su carrera.<\/p>\n<p>En esa ocasi\u00f3n, Edwin recibi\u00f3 un reconocimiento por su destacada trayectoria y contribuciones como compositor en la escena musical mexicana, otorgando a la prenda un valor adicional debido a su dise\u00f1o exclusivo y la historia que la acompa\u00f1a.<\/p>\n<p>El traje, adornado con una decoraci\u00f3n tipo plumas, refleja la conexi\u00f3n personal de Edwin con las aves, en particular con el b\u00faho, y sirvi\u00f3 como inspiraci\u00f3n para su vestimenta a lo largo de 2023, creando as\u00ed un v\u00ednculo simb\u00f3lico entre su m\u00fasica, su estilo y su aprecio por la naturaleza.<\/p>\n<p>Esta valiosa contribuci\u00f3n se suma a la extensa colecci\u00f3n de Hard Rock Hotels, que cuenta con m\u00e1s de 86,000 piezas, algunas de las cuales se exhiben en sus cinco propiedades en M\u00e9xico y el Caribe, bajo la direcci\u00f3n de RCD Hotels, as\u00ed como en numerosos hoteles Hard Rock en todo el mundo. Esto brinda a los visitantes la oportunidad de sumergirse en la rica historia detr\u00e1s de la m\u00fasica.<\/p>\n<p>Anualmente, la colecci\u00f3n se enriquece con nuevas piezas, y cada d\u00e9cada, estas piezas rotan entre hoteles para ofrecer a los visitantes una experiencia siempre renovada.<\/p>\n<p>El traje de Edwin Luna se une a otras prendas ic\u00f3nicas, como los vestidos de Shakira, Jenny Rivera y Katy Perry, as\u00ed como las vestimentas memorables de Gloria Estefan, Paulina Rubio, Lady Gaga y Britney Spears. Adem\u00e1s, se suman instrumentos notables, como la guitarra personalizada de Miley Cyrus y Rhonda Smith, junto con elementos emblem\u00e1ticos como el famoso \u00abcone bra\u00bb de Madonna y unos zapatos de Michael Jackson.<\/p>\n<p>Cada visita a Hard Rock Hotels An All-Inclusive Experience representa una oportunidad \u00fanica para descubrir estas fascinantes piezas que constituyen una parte integral de la historia de la m\u00fasica, rindiendo homenaje a la creatividad y al impacto duradero de los artistas en el mundo del entretenimiento.<\/p>\n<p>&nbsp;<\/p>\n","protected":false},"excerpt":{"rendered":"<p>Edwin Luna, el talentoso compositor y vocalista de La Trakalosa de Monterrey, se une al distinguido grupo de celebridades que enriquecen la c\u00e9lebre colecci\u00f3n de memorabilia de Hard Rock Hotels, una acumulaci\u00f3n que abarca m\u00e1s de 45 a\u00f1os y se exhibe en sus diversos complejos alrededor del mundo. El reconocido cantante, destacado en la escena [&hellip;]<\/p>\n","protected":false},"author":1,"featured_media":31078,"comment_status":"closed","ping_status":"closed","sticky":false,"template":"","format":"standard","meta":{"footnotes":""},"categories":[3],"tags":[],"class_list":["post-31077","post","type-post","status-publish","format-standard","has-post-thumbnail","hentry","category-espectaculos"],"_links":{"self":[{"href":"https:\/\/solidaridadnews.com\/index.php?rest_route=\/wp\/v2\/posts\/31077","targetHints":{"allow":["GET"]}}],"collection":[{"href":"https:\/\/solidaridadnews.com\/index.php?rest_route=\/wp\/v2\/posts"}],"about":[{"href":"https:\/\/solidaridadnews.com\/index.php?rest_route=\/wp\/v2\/types\/post"}],"author":[{"embeddable":true,"href":"https:\/\/solidaridadnews.com\/index.php?rest_route=\/wp\/v2\/users\/1"}],"replies":[{"embeddable":true,"href":"https:\/\/solidaridadnews.com\/index.php?rest_route=%2Fwp%2Fv2%2Fcomments&post=31077"}],"version-history":[{"count":1,"href":"https:\/\/solidaridadnews.com\/index.php?rest_route=\/wp\/v2\/posts\/31077\/revisions"}],"predecessor-version":[{"id":31079,"href":"https:\/\/solidaridadnews.com\/index.php?rest_route=\/wp\/v2\/posts\/31077\/revisions\/31079"}],"wp:featuredmedia":[{"embeddable":true,"href":"https:\/\/solidaridadnews.com\/index.php?rest_route=\/wp\/v2\/media\/31078"}],"wp:attachment":[{"href":"https:\/\/solidaridadnews.com\/index.php?rest_route=%2Fwp%2Fv2%2Fmedia&parent=31077"}],"wp:term":[{"taxonomy":"category","embeddable":true,"href":"https:\/\/solidaridadnews.com\/index.php?rest_route=%2Fwp%2Fv2%2Fcategories&post=31077"},{"taxonomy":"post_tag","embeddable":true,"href":"https:\/\/solidaridadnews.com\/index.php?rest_route=%2Fwp%2Fv2%2Ftags&post=31077"}],"curies":[{"name":"wp","href":"https:\/\/api.w.org\/{rel}","templated":true}]}}