{"id":31074,"date":"2024-01-02T14:21:35","date_gmt":"2024-01-02T14:21:35","guid":{"rendered":"https:\/\/solidaridadnews.com\/?p=31074"},"modified":"2024-01-02T14:21:35","modified_gmt":"2024-01-02T14:21:35","slug":"el-airbus-a350-de-japan-airlines-y-la-tragica-perdida-de-la-guardia-costera","status":"publish","type":"post","link":"https:\/\/solidaridadnews.com\/?p=31074","title":{"rendered":"El Airbus A350 de Japan Airlines y la tr\u00e1gica p\u00e9rdida de la Guardia Costera"},"content":{"rendered":"<p>Cinco miembros de la Guardia Costera han fallecido tras el choque de su avi\u00f3n con un vuelo comercial en un aeropuerto de Tokio en el que se pudo evacuar a los 379 ocupantes del otro avi\u00f3n, confirmaron las autoridades japonesas.<\/p>\n<p>El suceso se produjo cuando el vuelo 516 de Japan Airlines procedente de Sapporo (norte del pa\u00eds) colision\u00f3 con el avi\u00f3n de los guardacostas que aterrizaba a las 17.47 hora local (9.47 GMT) en Haneda, uno de los dos aeropuertos internacionales que dan servicio a la capital japonesa.<\/p>\n<p>Uno de los motores del vuelo comercial se incendi\u00f3 a continuaci\u00f3n, aunque el fuego fue sofocado despu\u00e9s por los bomberos, mientras se procedi\u00f3 a cerrar todas las pistas del aeropuerto.<\/p>\n<p>De los 379 ocupantes del avi\u00f3n de Japan Airlines (367 pasajeros y 12 tripulantes) que fueron evacuados, 17 han resultado heridos, mientras que de los seis ocupantes de la aeronave de los guardacostas, solo el capit\u00e1n, que se encuentra gravemente herido, ha logrado sobrevivir.<\/p>\n<p>Aunque todav\u00eda se encuentran investigando las causas del accidente, Yoshio Seguchi, subdirector de la Guardia Costera de Jap\u00f3n, dijo en una rueda de prensa hoy que recibieron un informe del capit\u00e1n de la nave, quien habr\u00eda informado que \u00abel avi\u00f3n explot\u00f3 en la pista y que \u00e9l logr\u00f3 escapar\u00bb.<\/p>\n<p>El avi\u00f3n de la Guardia Costera se dirig\u00eda a su base en el aeropuerto de Niigata con el fin de entregar ayuda humanitaria a las personas afectadas por el terremoto de 7,6 que sacudi\u00f3 el lunes el oeste del pa\u00eds y que ha dejado al menos 48 fallecidos, detall\u00f3 el cuerpo.<\/p>\n<p>Con respecto a las causas del accidente, la oficina del primer ministro, Fumio Kishida, cre\u00f3 un grupo de enlace para recopilar informaci\u00f3n, y este solicit\u00f3 a los ministros de carteras relevantes que hagan \u00abtodos los esfuerzos posibles para investigar la colisi\u00f3n\u00bb.<\/p>\n<p>El accidente oblig\u00f3 al aeropuerto de Haneda a cerrar sus cuatro pistas mientras prosiguen las investigaciones, aunque las autoridades esperan reanudar las operaciones m\u00e1s tarde.Tanto JAL como All Nippon Airways (ANA) cancelaron todos sus vuelos con llegada y salida a Haneda tras el mismo.<\/p>\n<p>El avi\u00f3n de pasajeros que se incendi\u00f3 es un Airbus A350, dijo JAL, mientras que la Guardia Costera de Jap\u00f3n dijo que su avi\u00f3n es un Bombardier DHC8-300.<br \/>\n(Con informaci\u00f3n de Radio Form\u00fala)<\/p>\n","protected":false},"excerpt":{"rendered":"<p>Cinco miembros de la Guardia Costera han fallecido tras el choque de su avi\u00f3n con un vuelo comercial en un aeropuerto de Tokio en el que se pudo evacuar a los 379 ocupantes del otro avi\u00f3n, confirmaron las autoridades japonesas. El suceso se produjo cuando el vuelo 516 de Japan Airlines procedente de Sapporo (norte [&hellip;]<\/p>\n","protected":false},"author":1,"featured_media":31075,"comment_status":"closed","ping_status":"closed","sticky":false,"template":"","format":"standard","meta":{"footnotes":""},"categories":[9],"tags":[],"class_list":["post-31074","post","type-post","status-publish","format-standard","has-post-thumbnail","hentry","category-internacional"],"_links":{"self":[{"href":"https:\/\/solidaridadnews.com\/index.php?rest_route=\/wp\/v2\/posts\/31074","targetHints":{"allow":["GET"]}}],"collection":[{"href":"https:\/\/solidaridadnews.com\/index.php?rest_route=\/wp\/v2\/posts"}],"about":[{"href":"https:\/\/solidaridadnews.com\/index.php?rest_route=\/wp\/v2\/types\/post"}],"author":[{"embeddable":true,"href":"https:\/\/solidaridadnews.com\/index.php?rest_route=\/wp\/v2\/users\/1"}],"replies":[{"embeddable":true,"href":"https:\/\/solidaridadnews.com\/index.php?rest_route=%2Fwp%2Fv2%2Fcomments&post=31074"}],"version-history":[{"count":1,"href":"https:\/\/solidaridadnews.com\/index.php?rest_route=\/wp\/v2\/posts\/31074\/revisions"}],"predecessor-version":[{"id":31076,"href":"https:\/\/solidaridadnews.com\/index.php?rest_route=\/wp\/v2\/posts\/31074\/revisions\/31076"}],"wp:featuredmedia":[{"embeddable":true,"href":"https:\/\/solidaridadnews.com\/index.php?rest_route=\/wp\/v2\/media\/31075"}],"wp:attachment":[{"href":"https:\/\/solidaridadnews.com\/index.php?rest_route=%2Fwp%2Fv2%2Fmedia&parent=31074"}],"wp:term":[{"taxonomy":"category","embeddable":true,"href":"https:\/\/solidaridadnews.com\/index.php?rest_route=%2Fwp%2Fv2%2Fcategories&post=31074"},{"taxonomy":"post_tag","embeddable":true,"href":"https:\/\/solidaridadnews.com\/index.php?rest_route=%2Fwp%2Fv2%2Ftags&post=31074"}],"curies":[{"name":"wp","href":"https:\/\/api.w.org\/{rel}","templated":true}]}}