{"id":31041,"date":"2023-12-29T14:02:27","date_gmt":"2023-12-29T19:02:27","guid":{"rendered":"https:\/\/solidaridadnews.com\/?p=31041"},"modified":"2023-12-29T19:02:28","modified_gmt":"2023-12-29T19:02:28","slug":"riviera-maya-espera-ocupacion-hotelera-de-100-para-ano-nuevo","status":"publish","type":"post","link":"https:\/\/solidaridadnews.com\/?p=31041","title":{"rendered":"Riviera Maya espera ocupaci\u00f3n hotelera de 100% para a\u00f1o nuevo"},"content":{"rendered":"<div>\n<div class=\"row m-b-15\">\n<div class=\"col-xs-12 col-sm-12 col-md-12 col-lg-12\">\n<h3 class=\"introduction\" style=\"text-align: center;\">Los visitantes abarrotan la Quinta Avenida y las playas del centro de Playa del Carmen.<\/h3>\n<\/div>\n<\/div>\n<\/div>\n<div class=\"row m-b-25\">\n<div class=\"col-xs-12 col-sm-12 col-md-12 col-lg-12 info-extra-new\">\n<p><strong>La Riviera Maya se encuentra a un 90% de ocupaci\u00f3n<\/strong>\u00a0en los \u00faltimos d\u00edas del a\u00f1o, tras las festividades de Navidad, en los aproximadamente 57 mil cuartos de hotel que hay en el destino.<\/p>\n<p>Andrea Lotito, vicepresidente de la Asociaci\u00f3n de Hoteles de la Riviera Maya, mencion\u00f3 que prev\u00e9n que en las siguientes horas con el fin de a\u00f1o, la ocupaci\u00f3n se incremente a\u00fan m\u00e1s.<\/p>\n<blockquote><p><em>\u201c<strong>En la primera quincena estuvimos decentes<\/strong>, entre los 60 a 70 puntos y en los \u00faltimos siete d\u00edas del a\u00f1o crecemos con la esperanza de llegar a una ocupaci\u00f3n del 95 al 100%\u201d, expuso Andrea Lotito.<\/em><\/p><\/blockquote>\n<p>Actualmente, los puntos donde se deja ver la gran cantidad de personas que arriban a la Riviera Maya, son en la Quinta Avenida y las playas del centro de Playa del Carmen.<\/p>\n<p>De los estragos de la pandemia\u00a0<strong>ya casi no quedan rastros a casi cuatro a\u00f1os que se decret\u00f3 el confinamiento<\/strong>. Esto ha ocasionado que regresen nuevos mercados con motivo de las fiestas de fin de a\u00f1o a Playa del Carmen.<\/p>\n<blockquote><p><em>\u201cSe han reactivado mercados que en el pasado nos hab\u00edan abandonado. Hablo exclusivamente de Playa del Carmen, donde est\u00e1n regresando numerosos europeos y hay nuevos mercados emisores como los asi\u00e1ticos que se est\u00e1n dejando ver en esta temporada de fin de a\u00f1o\u201d, agreg\u00f3.<\/em><\/p><\/blockquote>\n<p><strong>El tema del fortalecimiento del peso frente al d\u00f3lar<\/strong>\u00a0se deja ver en un destino internacional como la Riviera Maya. Andrea Lotito dijo que ese factor ha encarecido el destino.<\/p>\n<blockquote><p><em>\u201cConsideramos que en t\u00e9rminos de tarifas tenemos un reto debido al cambio del peso contra las monedas m\u00e1s fuertes, debido a que algunos turistas del norte de Europa o de Estados Unidos nos consideran destinos m\u00e1s caros. Efectivamente, si en el pasado 100 d\u00f3lares val\u00edan dos mil pesos, hoy vale mil 600 y esto baja un poco su capacidad de gasto para poder disfrutar\u201d, mencion\u00f3.<\/em><\/p><\/blockquote>\n<p><strong>La bonanza esperan mantenerla a\u00fan en las primeras semanas de enero<\/strong>\u00a0con n\u00fameros aceptables hasta la Semana Santa y promedios de ocupaci\u00f3n del 75%, tal como lo han adelantado desde el seno de la organizaci\u00f3n hotelera.<\/p>\n<\/div>\n<\/div>\n","protected":false},"excerpt":{"rendered":"<p>Los visitantes abarrotan la Quinta Avenida y las playas del centro de Playa del Carmen. La Riviera Maya se encuentra a un 90% de ocupaci\u00f3n\u00a0en los \u00faltimos d\u00edas del a\u00f1o, tras las festividades de Navidad, en los aproximadamente 57 mil cuartos de hotel que hay en el destino. Andrea Lotito, vicepresidente de la Asociaci\u00f3n de [&hellip;]<\/p>\n","protected":false},"author":1,"featured_media":31043,"comment_status":"open","ping_status":"closed","sticky":false,"template":"","format":"standard","meta":{"footnotes":""},"categories":[4],"tags":[],"class_list":["post-31041","post","type-post","status-publish","format-standard","has-post-thumbnail","hentry","category-local"],"_links":{"self":[{"href":"https:\/\/solidaridadnews.com\/index.php?rest_route=\/wp\/v2\/posts\/31041","targetHints":{"allow":["GET"]}}],"collection":[{"href":"https:\/\/solidaridadnews.com\/index.php?rest_route=\/wp\/v2\/posts"}],"about":[{"href":"https:\/\/solidaridadnews.com\/index.php?rest_route=\/wp\/v2\/types\/post"}],"author":[{"embeddable":true,"href":"https:\/\/solidaridadnews.com\/index.php?rest_route=\/wp\/v2\/users\/1"}],"replies":[{"embeddable":true,"href":"https:\/\/solidaridadnews.com\/index.php?rest_route=%2Fwp%2Fv2%2Fcomments&post=31041"}],"version-history":[{"count":1,"href":"https:\/\/solidaridadnews.com\/index.php?rest_route=\/wp\/v2\/posts\/31041\/revisions"}],"predecessor-version":[{"id":31042,"href":"https:\/\/solidaridadnews.com\/index.php?rest_route=\/wp\/v2\/posts\/31041\/revisions\/31042"}],"wp:featuredmedia":[{"embeddable":true,"href":"https:\/\/solidaridadnews.com\/index.php?rest_route=\/wp\/v2\/media\/31043"}],"wp:attachment":[{"href":"https:\/\/solidaridadnews.com\/index.php?rest_route=%2Fwp%2Fv2%2Fmedia&parent=31041"}],"wp:term":[{"taxonomy":"category","embeddable":true,"href":"https:\/\/solidaridadnews.com\/index.php?rest_route=%2Fwp%2Fv2%2Fcategories&post=31041"},{"taxonomy":"post_tag","embeddable":true,"href":"https:\/\/solidaridadnews.com\/index.php?rest_route=%2Fwp%2Fv2%2Ftags&post=31041"}],"curies":[{"name":"wp","href":"https:\/\/api.w.org\/{rel}","templated":true}]}}