{"id":31038,"date":"2023-12-29T14:00:40","date_gmt":"2023-12-29T19:00:40","guid":{"rendered":"https:\/\/solidaridadnews.com\/?p=31038"},"modified":"2023-12-29T19:00:42","modified_gmt":"2023-12-29T19:00:42","slug":"el-tren-maya-suspende-sus-viajes-hasta-el-1-de-enero","status":"publish","type":"post","link":"https:\/\/solidaridadnews.com\/?p=31038","title":{"rendered":"El Tren Maya suspende sus viajes hasta el 1 de enero"},"content":{"rendered":"<div class=\"a_e_txt _df\">\n<h4 class=\"a_st\" style=\"text-align: center;\">El transporte anuncia la medida en un comunicado en sus redes sociales tan solo dos horas antes del par\u00f3n, que se debe a la preapertura del tramo Canc\u00fan-Palenque<\/h4>\n<\/div>\n<div class=\"a_e_m\">\n<p class=\"\">El Tren Maya ha suspendido sus viajes desde las 11 de la ma\u00f1ana de este jueves hasta el pr\u00f3ximo uno de enero,\u00a0tan solo 13 d\u00edas despu\u00e9s de su inauguraci\u00f3n. En un comunicado a trav\u00e9s de la cuenta oficial del transporte en la red social X -antes Twitter- han informado que el par\u00f3n se debe a la preapertura del tramo Canc\u00fan-Palenque. La medida se anunci\u00f3 tan solo dos horas antes de la clausura.<\/p>\n<p class=\"\">El presidente, Andr\u00e9s Manuel L\u00f3pez Obrador, inaugur\u00f3 el pasado 15 de diciembre la ruta de San Francisco de Campeche a Canc\u00fan,\u00a0con catorce paradas divididas\u00a0en tres tramos a trav\u00e9s de los Estados de Campeche, Yucat\u00e1n y Quintana Roo. Ahora este itinerario ha detenido sus operaciones para preparar la apertura del circuito que la ferroviaria llama Canc\u00fan &#8211; Palenque. Realmente solo conectar\u00e1 la ciudad chiapaneca con San Francisco de Campeche para continuar la ruta del ya activo, mientras que falta la parte oriental del tren, desde Esc\u00e1rcega a Canc\u00fan, a trav\u00e9s de Chetumal, Tulum y Playa del Carmen.<\/p>\n<div id=\"sum_twitter\" class=\"a_em _df\" data-oembed-type=\"twitter\">\n<blockquote class=\"twitter-tweet\">\n<p dir=\"ltr\" lang=\"es\">\u00a1Aviso importante!\ud83d\udce3\ud83d\udce3<br \/>\nDebido a la preapertura de la nueva ruta Canc\u00fan-Palenque, Tren Maya detendr\u00e1 las operaciones regulares los d\u00edas 28(11:00 Horas), 29, 30 y 31 de diciembre.\u00a0pic.twitter.com\/Mu9wj7SYzt<\/p>\n<p>\u2014 Tren Maya (@TrenMayaMX)\u00a0December 28, 2023<\/p><\/blockquote>\n<\/div>\n<p class=\"\">Los afectados por el cierre pueden pedir el reembolso de los boletos adquiridos en las fechas de cierre o ir en asientos prioritarios cuando se inaugure el nuevo tramo de Palenque a Canc\u00fan. Con la pr\u00f3xima apertura del nuevo itinerario el uno de enero, el tren ya tendr\u00e1 cuatro de los siete tramos terminados y llegar\u00e1 a los cinco estados del proyecto: Campeche, Chiapas, Quintana Roo, Tabasco y Yucat\u00e1n.<\/p>\n<p class=\"\">El d\u00eda en que los primeros vagones se pusieron a funcionar\u00a0-con un retraso de 5 horas- entre Campeche y Canc\u00fan, \u00d3scar David Lozano, el director del proyecto, inform\u00f3 de que el tren har\u00e1 ese tramo del viaje (473 kil\u00f3metros) en seis horas a una velocidad m\u00e1xima de 120 kil\u00f3metros por hora. El precio de los billetes es de 1.166 pesos en clase turista y 1.862 en clase premier.<\/p>\n<p class=\"\">La megaobra de 472.000 millones de pesos ha sido uno de los proyectos estrella del sexenio de L\u00f3pez Obrador. La anunci\u00f3 nada m\u00e1s llegar al poder en 2018 como la gran obra para llevar\u00a0a otro nivel el desarrollo econ\u00f3mico del sureste del pa\u00eds.<\/p>\n<\/div>\n","protected":false},"excerpt":{"rendered":"<p>El transporte anuncia la medida en un comunicado en sus redes sociales tan solo dos horas antes del par\u00f3n, que se debe a la preapertura del tramo Canc\u00fan-Palenque El Tren Maya ha suspendido sus viajes desde las 11 de la ma\u00f1ana de este jueves hasta el pr\u00f3ximo uno de enero,\u00a0tan solo 13 d\u00edas despu\u00e9s de [&hellip;]<\/p>\n","protected":false},"author":1,"featured_media":31040,"comment_status":"open","ping_status":"closed","sticky":false,"template":"","format":"standard","meta":{"footnotes":""},"categories":[4],"tags":[],"class_list":["post-31038","post","type-post","status-publish","format-standard","has-post-thumbnail","hentry","category-local"],"_links":{"self":[{"href":"https:\/\/solidaridadnews.com\/index.php?rest_route=\/wp\/v2\/posts\/31038","targetHints":{"allow":["GET"]}}],"collection":[{"href":"https:\/\/solidaridadnews.com\/index.php?rest_route=\/wp\/v2\/posts"}],"about":[{"href":"https:\/\/solidaridadnews.com\/index.php?rest_route=\/wp\/v2\/types\/post"}],"author":[{"embeddable":true,"href":"https:\/\/solidaridadnews.com\/index.php?rest_route=\/wp\/v2\/users\/1"}],"replies":[{"embeddable":true,"href":"https:\/\/solidaridadnews.com\/index.php?rest_route=%2Fwp%2Fv2%2Fcomments&post=31038"}],"version-history":[{"count":1,"href":"https:\/\/solidaridadnews.com\/index.php?rest_route=\/wp\/v2\/posts\/31038\/revisions"}],"predecessor-version":[{"id":31039,"href":"https:\/\/solidaridadnews.com\/index.php?rest_route=\/wp\/v2\/posts\/31038\/revisions\/31039"}],"wp:featuredmedia":[{"embeddable":true,"href":"https:\/\/solidaridadnews.com\/index.php?rest_route=\/wp\/v2\/media\/31040"}],"wp:attachment":[{"href":"https:\/\/solidaridadnews.com\/index.php?rest_route=%2Fwp%2Fv2%2Fmedia&parent=31038"}],"wp:term":[{"taxonomy":"category","embeddable":true,"href":"https:\/\/solidaridadnews.com\/index.php?rest_route=%2Fwp%2Fv2%2Fcategories&post=31038"},{"taxonomy":"post_tag","embeddable":true,"href":"https:\/\/solidaridadnews.com\/index.php?rest_route=%2Fwp%2Fv2%2Ftags&post=31038"}],"curies":[{"name":"wp","href":"https:\/\/api.w.org\/{rel}","templated":true}]}}