{"id":31035,"date":"2023-12-29T13:58:49","date_gmt":"2023-12-29T18:58:49","guid":{"rendered":"https:\/\/solidaridadnews.com\/?p=31035"},"modified":"2023-12-29T18:58:51","modified_gmt":"2023-12-29T18:58:51","slug":"indican-como-viable-retirar-parquimetros-en-playa-del-carmen","status":"publish","type":"post","link":"https:\/\/solidaridadnews.com\/?p=31035","title":{"rendered":"Indican como viable retirar parqu\u00edmetros en Playa del Carmen"},"content":{"rendered":"<div>\n<div class=\"row m-b-15\">\n<div class=\"col-xs-12 col-sm-12 col-md-12 col-lg-12\">\n<h4 class=\"introduction\" style=\"text-align: center;\">Ciudadanos alegan que Playaparq realiza actos de autoridad en detrimento de derechos humanos, como el libre tr\u00e1nsito.<\/h4>\n<\/div>\n<\/div>\n<\/div>\n<div class=\"row m-b-25\">\n<div class=\"col-xs-12 col-sm-12 col-md-12 col-lg-12 info-extra-new\">\n<p>El regidor\u00a0<strong>Marciano Toledo<\/strong>\u00a0sostuvo que tambi\u00e9n se puede retirar la concesi\u00f3n de la v\u00eda p\u00fablica en el centro de la ciudad otorgada a favor de la empresa que opera\u00a0<strong>parqu\u00edmetros en Solidaridad<\/strong>.<\/p>\n<p>El miembro del ayuntamiento mencion\u00f3 que el posible retiro de la concesi\u00f3n de agua potable en Solidaridad, sienta un precedente para que ocurra lo mismo con la\u00a0<strong>v\u00eda p\u00fablica, controlada por una persona moral.<\/strong><\/p>\n<blockquote><p>\u201cOjal\u00e1 tambi\u00e9n nos den la raz\u00f3n sobre los parqu\u00edmetros por el abuso que se hace, de la concesi\u00f3n leonina que se dio porque est\u00e1n secuestrando nuestras calles y que de alguna manera le afectan a m\u00e1s de 50 mil turistas al a\u00f1o, ojal\u00e1 el pr\u00f3ximo a\u00f1o se pueda hacer algo\u201d, dijo Toledo S\u00e1nchez.<\/p><\/blockquote>\n<p>Recientemente el Congreso del Estado aprob\u00f3 abrogar el decreto que otorg\u00f3 en concesi\u00f3n el suministro del servicio de agua potable y alcantarillado en el municipio de Solidaridad.<\/p>\n<p>Marciano Toledo ha sido cr\u00edtico tanto con la concesi\u00f3n del agua, como contra la concesi\u00f3n de la v\u00eda p\u00fablica en el primer cuadro de la ciudad, que se encuentra\u00a0<strong>operado por la empresa Promotora de Reordenamiento Urbano,<\/strong>\u00a0conocida comercialmente como\u00a0<strong>Playaparq<\/strong>.<\/p>\n<p>El edil dijo que cuando hay voluntad pol\u00edtica se pueden retirar concesiones que laceran a los habitantes de un territorio, tal como ocurri\u00f3 con el tema del agua.<\/p>\n<blockquote><p>\u201cNecesitamos que haya un orden en el municipio, tambi\u00e9n hay muchos miembros del Cabildo que le estamos echando el esfuerzo para que se haga algo\u201d, agreg\u00f3.<\/p><\/blockquote>\n<p>La concesi\u00f3n de la v\u00eda p\u00fablica fue entregada hace dos administraciones, pero fue en la pasada gesti\u00f3n municipal cuando comenz\u00f3 a surtir efectos. Las cr\u00edticas por tener que\u00a0<strong>pagar por el uso de la v\u00eda p\u00fablica<\/strong>\u00a0con constantes, principalmente porque algunos ciudadanos alegan que Playaparq realiza actos de autoridad en detrimento de derechos humanos, como el libre tr\u00e1nsito.<\/p>\n<p>Pero Playaparq se ha defendido. Su representante, Diego Gracidas, ha mencionado que ellos s\u00f3lo ejecutan un\u00a0<strong>mandato de concesi\u00f3n que las mismas autoridades le entregaron.<\/strong><\/p>\n<p>Hasta este momento, en el plano legal no se ha presentado ninguna acci\u00f3n que busque de\u00a0<strong>manera directa retirar la concesi\u00f3n al particular<\/strong>.<\/p>\n<\/div>\n<\/div>\n","protected":false},"excerpt":{"rendered":"<p>Ciudadanos alegan que Playaparq realiza actos de autoridad en detrimento de derechos humanos, como el libre tr\u00e1nsito. El regidor\u00a0Marciano Toledo\u00a0sostuvo que tambi\u00e9n se puede retirar la concesi\u00f3n de la v\u00eda p\u00fablica en el centro de la ciudad otorgada a favor de la empresa que opera\u00a0parqu\u00edmetros en Solidaridad. El miembro del ayuntamiento mencion\u00f3 que el posible [&hellip;]<\/p>\n","protected":false},"author":1,"featured_media":31037,"comment_status":"open","ping_status":"closed","sticky":false,"template":"","format":"standard","meta":{"footnotes":""},"categories":[4],"tags":[],"class_list":["post-31035","post","type-post","status-publish","format-standard","has-post-thumbnail","hentry","category-local"],"_links":{"self":[{"href":"https:\/\/solidaridadnews.com\/index.php?rest_route=\/wp\/v2\/posts\/31035","targetHints":{"allow":["GET"]}}],"collection":[{"href":"https:\/\/solidaridadnews.com\/index.php?rest_route=\/wp\/v2\/posts"}],"about":[{"href":"https:\/\/solidaridadnews.com\/index.php?rest_route=\/wp\/v2\/types\/post"}],"author":[{"embeddable":true,"href":"https:\/\/solidaridadnews.com\/index.php?rest_route=\/wp\/v2\/users\/1"}],"replies":[{"embeddable":true,"href":"https:\/\/solidaridadnews.com\/index.php?rest_route=%2Fwp%2Fv2%2Fcomments&post=31035"}],"version-history":[{"count":1,"href":"https:\/\/solidaridadnews.com\/index.php?rest_route=\/wp\/v2\/posts\/31035\/revisions"}],"predecessor-version":[{"id":31036,"href":"https:\/\/solidaridadnews.com\/index.php?rest_route=\/wp\/v2\/posts\/31035\/revisions\/31036"}],"wp:featuredmedia":[{"embeddable":true,"href":"https:\/\/solidaridadnews.com\/index.php?rest_route=\/wp\/v2\/media\/31037"}],"wp:attachment":[{"href":"https:\/\/solidaridadnews.com\/index.php?rest_route=%2Fwp%2Fv2%2Fmedia&parent=31035"}],"wp:term":[{"taxonomy":"category","embeddable":true,"href":"https:\/\/solidaridadnews.com\/index.php?rest_route=%2Fwp%2Fv2%2Fcategories&post=31035"},{"taxonomy":"post_tag","embeddable":true,"href":"https:\/\/solidaridadnews.com\/index.php?rest_route=%2Fwp%2Fv2%2Ftags&post=31035"}],"curies":[{"name":"wp","href":"https:\/\/api.w.org\/{rel}","templated":true}]}}