{"id":31017,"date":"2023-12-28T16:38:23","date_gmt":"2023-12-28T21:38:23","guid":{"rendered":"https:\/\/solidaridadnews.com\/?p=31017"},"modified":"2023-12-28T21:38:24","modified_gmt":"2023-12-28T21:38:24","slug":"optimismo-en-la-ocupacion-hotelera-de-playa-del-carmen-para-el-cierre-del-2023","status":"publish","type":"post","link":"https:\/\/solidaridadnews.com\/?p=31017","title":{"rendered":"Optimismo en la ocupaci\u00f3n hotelera de Playa del Carmen para el cierre del 2023"},"content":{"rendered":"<p>El vicepresidente de la Asociaci\u00f3n de Hoteles de la Riviera Maya, Andrea Lotito, comparti\u00f3 optimistas previsiones para el cierre del 2023, se\u00f1alando que se espera que los peque\u00f1os hoteles en Playa del Carmen alcancen una ocupaci\u00f3n superior al 90%.<\/p>\n<p>El dirigente destac\u00f3 la reactivaci\u00f3n del mercado europeo y la incursi\u00f3n de nuevos como el asi\u00e1tico como factores clave para estas expectativas positivas.<\/p>\n<p>\u201cSe han activado mercados que en el pasado no hab\u00edan explorado tanto, especialmente en Playa del Carmen, donde la presencia de visitantes europeos ha vuelto significativamente, y emergen nuevos mercados asi\u00e1ticos en esta temporada de fin de a\u00f1o\u201d, se\u00f1al\u00f3.<\/p>\n<p>El representante de la Asociaci\u00f3n de Hoteles de la Riviera Maya expres\u00f3 su esperanza de que la ocupaci\u00f3n alcance entre el 95% y el 100% en los \u00faltimos d\u00edas del a\u00f1o.<\/p>\n<p>\u201cEsperamos que, con el impulso de la \u00faltima quincena, alcancemos al menos entre 55 y 60 puntos en la primera etapa de diciembre, y en los \u00faltimos siete a diez d\u00edas, crecer hasta llegar a una ocupaci\u00f3n del 95% al 100%\u201d, a\u00f1adi\u00f3.<\/p>\n<p>En cuanto a las tarifas hoteleras, Lotito abord\u00f3 la competitividad, explic\u00f3 que, debido a las fluctuaciones en el tipo de cambio, han mantenido tarifas atractivas.<\/p>\n<p>\u201cAunque el poder adquisitivo del d\u00f3lar y el euro ha disminuido, los costos de operaci\u00f3n no han bajado, y han logrado establecer tarifas justas tanto para los visitantes como para el sector hotelero\u201d, se\u00f1al\u00f3.<\/p>\n<p>Con estas perspectivas alentadoras, a\u00f1adi\u00f3 que Playa del Carmen se posiciona como un destino atractivo para turistas internacionales en el cierre del 2023, benefici\u00e1ndose de la reactivaci\u00f3n de mercados clave y la competitividad en las tarifas hoteleras.<\/p>\n","protected":false},"excerpt":{"rendered":"<p>El vicepresidente de la Asociaci\u00f3n de Hoteles de la Riviera Maya, Andrea Lotito, comparti\u00f3 optimistas previsiones para el cierre del 2023, se\u00f1alando que se espera que los peque\u00f1os hoteles en Playa del Carmen alcancen una ocupaci\u00f3n superior al 90%. El dirigente destac\u00f3 la reactivaci\u00f3n del mercado europeo y la incursi\u00f3n de nuevos como el asi\u00e1tico [&hellip;]<\/p>\n","protected":false},"author":1,"featured_media":31019,"comment_status":"open","ping_status":"closed","sticky":false,"template":"","format":"standard","meta":{"footnotes":""},"categories":[4],"tags":[],"class_list":["post-31017","post","type-post","status-publish","format-standard","has-post-thumbnail","hentry","category-local"],"_links":{"self":[{"href":"https:\/\/solidaridadnews.com\/index.php?rest_route=\/wp\/v2\/posts\/31017","targetHints":{"allow":["GET"]}}],"collection":[{"href":"https:\/\/solidaridadnews.com\/index.php?rest_route=\/wp\/v2\/posts"}],"about":[{"href":"https:\/\/solidaridadnews.com\/index.php?rest_route=\/wp\/v2\/types\/post"}],"author":[{"embeddable":true,"href":"https:\/\/solidaridadnews.com\/index.php?rest_route=\/wp\/v2\/users\/1"}],"replies":[{"embeddable":true,"href":"https:\/\/solidaridadnews.com\/index.php?rest_route=%2Fwp%2Fv2%2Fcomments&post=31017"}],"version-history":[{"count":1,"href":"https:\/\/solidaridadnews.com\/index.php?rest_route=\/wp\/v2\/posts\/31017\/revisions"}],"predecessor-version":[{"id":31018,"href":"https:\/\/solidaridadnews.com\/index.php?rest_route=\/wp\/v2\/posts\/31017\/revisions\/31018"}],"wp:featuredmedia":[{"embeddable":true,"href":"https:\/\/solidaridadnews.com\/index.php?rest_route=\/wp\/v2\/media\/31019"}],"wp:attachment":[{"href":"https:\/\/solidaridadnews.com\/index.php?rest_route=%2Fwp%2Fv2%2Fmedia&parent=31017"}],"wp:term":[{"taxonomy":"category","embeddable":true,"href":"https:\/\/solidaridadnews.com\/index.php?rest_route=%2Fwp%2Fv2%2Fcategories&post=31017"},{"taxonomy":"post_tag","embeddable":true,"href":"https:\/\/solidaridadnews.com\/index.php?rest_route=%2Fwp%2Fv2%2Ftags&post=31017"}],"curies":[{"name":"wp","href":"https:\/\/api.w.org\/{rel}","templated":true}]}}