{"id":30996,"date":"2023-12-28T17:14:08","date_gmt":"2023-12-28T17:14:08","guid":{"rendered":"https:\/\/solidaridadnews.com\/?p=30996"},"modified":"2023-12-28T17:14:08","modified_gmt":"2023-12-28T17:14:08","slug":"anciano-golpeado-y-despojado-de-3-millones-de-pesos","status":"publish","type":"post","link":"https:\/\/solidaridadnews.com\/?p=30996","title":{"rendered":"Anciano golpeado y despojado de 3 millones de pesos"},"content":{"rendered":"<p>PLAYA DEL CARMEN, MX.- Un anciano fue objeto de un asalto en su residencia, ubicada en la alcald\u00eda de Puerto Aventuras, donde los perpetradores lograron llevarse aproximadamente 3 millones de pesos.<\/p>\n<p>Seg\u00fan informes iniciales, alrededor de las 11 de la noche, tres individuos enmascarados y armados, a bordo de un veh\u00edculo, ingresaron a un camino de terracer\u00eda cerca del fraccionamiento Puerto Maya, donde se encontraba la vivienda de la v\u00edctima identificada como Pedro &#8216;N, de 69 a\u00f1os.<\/p>\n<p>Los delincuentes ingresaron violentamente a la residencia y, mediante el uso de la fuerza, obligaron al propietario a abrir la caja fuerte, caus\u00e1ndole una herida en la cabeza en el proceso. Una vez que sustrajeron una suma considerable de dinero en efectivo, los tres individuos huyeron en direcci\u00f3n desconocida.<\/p>\n<p>Posteriormente, la v\u00edctima contact\u00f3 al n\u00famero de emergencia 911, y pronto llegaron al lugar param\u00e9dicos que proporcionaron los primeros auxilios. Asimismo, la polic\u00eda municipal acudi\u00f3 para iniciar las investigaciones correspondientes.<\/p>\n","protected":false},"excerpt":{"rendered":"<p>PLAYA DEL CARMEN, MX.- Un anciano fue objeto de un asalto en su residencia, ubicada en la alcald\u00eda de Puerto Aventuras, donde los perpetradores lograron llevarse aproximadamente 3 millones de pesos. Seg\u00fan informes iniciales, alrededor de las 11 de la noche, tres individuos enmascarados y armados, a bordo de un veh\u00edculo, ingresaron a un camino [&hellip;]<\/p>\n","protected":false},"author":1,"featured_media":30997,"comment_status":"closed","ping_status":"closed","sticky":false,"template":"","format":"standard","meta":{"footnotes":""},"categories":[14],"tags":[],"class_list":["post-30996","post","type-post","status-publish","format-standard","has-post-thumbnail","hentry","category-policia"],"_links":{"self":[{"href":"https:\/\/solidaridadnews.com\/index.php?rest_route=\/wp\/v2\/posts\/30996","targetHints":{"allow":["GET"]}}],"collection":[{"href":"https:\/\/solidaridadnews.com\/index.php?rest_route=\/wp\/v2\/posts"}],"about":[{"href":"https:\/\/solidaridadnews.com\/index.php?rest_route=\/wp\/v2\/types\/post"}],"author":[{"embeddable":true,"href":"https:\/\/solidaridadnews.com\/index.php?rest_route=\/wp\/v2\/users\/1"}],"replies":[{"embeddable":true,"href":"https:\/\/solidaridadnews.com\/index.php?rest_route=%2Fwp%2Fv2%2Fcomments&post=30996"}],"version-history":[{"count":1,"href":"https:\/\/solidaridadnews.com\/index.php?rest_route=\/wp\/v2\/posts\/30996\/revisions"}],"predecessor-version":[{"id":30998,"href":"https:\/\/solidaridadnews.com\/index.php?rest_route=\/wp\/v2\/posts\/30996\/revisions\/30998"}],"wp:featuredmedia":[{"embeddable":true,"href":"https:\/\/solidaridadnews.com\/index.php?rest_route=\/wp\/v2\/media\/30997"}],"wp:attachment":[{"href":"https:\/\/solidaridadnews.com\/index.php?rest_route=%2Fwp%2Fv2%2Fmedia&parent=30996"}],"wp:term":[{"taxonomy":"category","embeddable":true,"href":"https:\/\/solidaridadnews.com\/index.php?rest_route=%2Fwp%2Fv2%2Fcategories&post=30996"},{"taxonomy":"post_tag","embeddable":true,"href":"https:\/\/solidaridadnews.com\/index.php?rest_route=%2Fwp%2Fv2%2Ftags&post=30996"}],"curies":[{"name":"wp","href":"https:\/\/api.w.org\/{rel}","templated":true}]}}