{"id":30993,"date":"2023-12-28T16:03:51","date_gmt":"2023-12-28T16:03:51","guid":{"rendered":"https:\/\/solidaridadnews.com\/?p=30993"},"modified":"2023-12-28T16:03:51","modified_gmt":"2023-12-28T16:03:51","slug":"inter-playa-del-carmen-carlos-bracamontes-y-un-ano-de-doble-exito-en-copa-y-liga-premier","status":"publish","type":"post","link":"https:\/\/solidaridadnews.com\/?p=30993","title":{"rendered":"Inter Playa del Carmen: Carlos Bracamontes y un a\u00f1o de doble \u00e9xito en Copa y Liga Premier"},"content":{"rendered":"<p>En el segundo a\u00f1o de la gesti\u00f3n dirigida por Amador Guti\u00e9rrez, el Inter Playa del Carmen ha experimentado un crecimiento notable, consolidando resultados hist\u00f3ricos en 2023 que lo reconocen a nivel nacional y refuerzan su v\u00ednculo con el municipio de Solidaridad.<\/p>\n<p>El equipo, conocido como el \u00abGigante de Quintana Roo\u00bb, ha brindado alegr\u00eda a sus seguidores a lo largo de la temporada. Desde el campeonato de Copa hasta la emocionante final contra el Tampico-Madero en la Liga Premier, pasando por los \u00e9xitos en la Tercera Divisi\u00f3n con el programa 80\/20 y la conquista de la Liga Nacional Sub-15, el Inter Playa del Carmen ha renovado su estructura administrativa con una identidad propia.<\/p>\n<p>El t\u00edtulo de Copa y el subcampeonato en la Liga Premier marcan hitos significativos en este periodo.<\/p>\n<p>El t\u00e9cnico Carlos Bracamontes ha cerrado su quinto torneo al frente del equipo con otro logro destacado. Junto a su cuerpo t\u00e9cnico y jugadores, abordaron con seriedad y \u00e9xito dos torneos en un solo semestre. En el torneo Clausura 2023 de la Liga, el Inter Playa del Carmen se coron\u00f3 campe\u00f3n en la segunda edici\u00f3n de la Copa Conecta, logrando su segundo t\u00edtulo profesional del futbol mexicano.<\/p>\n<p>En la Gran Final de la Copa Conecta, celebrada el 13 de marzo en la Deportiva \u00abNora Leticia Rocha\u00bb de Monclova, Coahuila, el equipo venci\u00f3 a Club Calor con un par de goles en la segunda parte de Gerardo Hern\u00e1ndez y Fernando Cruz. Este \u00e9xito llev\u00f3 al capit\u00e1n, Daniel Jim\u00e9nez, a levantar el trofeo del campeonato.<\/p>\n<p>A pesar del subcampeonato en la Liga Premier Clausura 2023, el Inter Playa del Carmen clasific\u00f3 a la Liguilla al terminar como el n\u00famero uno en el Grupo 03, acumulando 23 puntos con seis victorias, tres empates y un rev\u00e9s. En la fase final, eliminaron a Tritones de Vallarta y Chihuahua FC en Cuartos de Final y Semifinales, respectivamente.<\/p>\n<p>El equipo actualmente disputa el Torneo 2023-2024 de la Liga Premier en el Grupo 02 de la Serie A, concluyendo la primera vuelta en el cuarto lugar con 34 unidades.<\/p>\n<p>En la Tercera Divisi\u00f3n, bajo la direcci\u00f3n de Alejandro J\u00e1come Ochoa, el equipo ha continuado siendo un trampol\u00edn para jugadores locales. El 2023 dej\u00f3 resultados positivos, con destacadas actuaciones de jugadores debutantes y la promoci\u00f3n de talento a la Liga Premier MX.<\/p>\n<p>En el Campeonato Nacional Sub-15, la Cantera del Inter Playa del Carmen logr\u00f3 un t\u00edtulo destacado al vencer a los Mineros de Zacatecas. Este logro se suma a la renovaci\u00f3n estructural del club, consolidando un a\u00f1o exitoso.<\/p>\n<p>Con estos \u00e9xitos, el Inter Playa del Carmen cierra un gran 2023 y mira hacia el 2024 con la ambici\u00f3n de superar sus logros y seguir siendo una fuerza destacada en el futbol nacional. El respaldo de la alcaldesa Lili Campos, la direcci\u00f3n de Amador Guti\u00e9rrez, y el incansable trabajo de la oficina, liderada por Enrique Lobato en la direcci\u00f3n deportiva, respaldada por C\u00e9sar Poot en la secretar\u00eda t\u00e9cnica y Pedro Leal en la direcci\u00f3n de medios, aseguran un futuro prometedor para la instituci\u00f3n.<\/p>\n","protected":false},"excerpt":{"rendered":"<p>En el segundo a\u00f1o de la gesti\u00f3n dirigida por Amador Guti\u00e9rrez, el Inter Playa del Carmen ha experimentado un crecimiento notable, consolidando resultados hist\u00f3ricos en 2023 que lo reconocen a nivel nacional y refuerzan su v\u00ednculo con el municipio de Solidaridad. El equipo, conocido como el \u00abGigante de Quintana Roo\u00bb, ha brindado alegr\u00eda a sus [&hellip;]<\/p>\n","protected":false},"author":1,"featured_media":30994,"comment_status":"closed","ping_status":"closed","sticky":false,"template":"","format":"standard","meta":{"footnotes":""},"categories":[6],"tags":[],"class_list":["post-30993","post","type-post","status-publish","format-standard","has-post-thumbnail","hentry","category-deportes"],"_links":{"self":[{"href":"https:\/\/solidaridadnews.com\/index.php?rest_route=\/wp\/v2\/posts\/30993","targetHints":{"allow":["GET"]}}],"collection":[{"href":"https:\/\/solidaridadnews.com\/index.php?rest_route=\/wp\/v2\/posts"}],"about":[{"href":"https:\/\/solidaridadnews.com\/index.php?rest_route=\/wp\/v2\/types\/post"}],"author":[{"embeddable":true,"href":"https:\/\/solidaridadnews.com\/index.php?rest_route=\/wp\/v2\/users\/1"}],"replies":[{"embeddable":true,"href":"https:\/\/solidaridadnews.com\/index.php?rest_route=%2Fwp%2Fv2%2Fcomments&post=30993"}],"version-history":[{"count":1,"href":"https:\/\/solidaridadnews.com\/index.php?rest_route=\/wp\/v2\/posts\/30993\/revisions"}],"predecessor-version":[{"id":30995,"href":"https:\/\/solidaridadnews.com\/index.php?rest_route=\/wp\/v2\/posts\/30993\/revisions\/30995"}],"wp:featuredmedia":[{"embeddable":true,"href":"https:\/\/solidaridadnews.com\/index.php?rest_route=\/wp\/v2\/media\/30994"}],"wp:attachment":[{"href":"https:\/\/solidaridadnews.com\/index.php?rest_route=%2Fwp%2Fv2%2Fmedia&parent=30993"}],"wp:term":[{"taxonomy":"category","embeddable":true,"href":"https:\/\/solidaridadnews.com\/index.php?rest_route=%2Fwp%2Fv2%2Fcategories&post=30993"},{"taxonomy":"post_tag","embeddable":true,"href":"https:\/\/solidaridadnews.com\/index.php?rest_route=%2Fwp%2Fv2%2Ftags&post=30993"}],"curies":[{"name":"wp","href":"https:\/\/api.w.org\/{rel}","templated":true}]}}