{"id":30984,"date":"2023-12-27T14:43:41","date_gmt":"2023-12-27T19:43:41","guid":{"rendered":"https:\/\/solidaridadnews.com\/?p=30984"},"modified":"2023-12-27T19:43:43","modified_gmt":"2023-12-27T19:43:43","slug":"gobierno-de-solidaridad-trabaja-en-la-prevencion-del-trabajo-infantil","status":"publish","type":"post","link":"https:\/\/solidaridadnews.com\/?p=30984","title":{"rendered":"Gobierno de Solidaridad trabaja en la prevenci\u00f3n del trabajo infantil"},"content":{"rendered":"<p class=\"ql-align-justify\">Con el objetivo de concientizar a las y los visitantes sobre el trabajo infantil y buscar su prevenci\u00f3n, el Gobierno de Solidaridad, que encabeza la presidenta municipal Lili Campos, a trav\u00e9s del DIF Municipal, lleva a cabo acciones en la zona tur\u00edstica durante la temporada vacacional, con la distribuci\u00f3n de folletos informativos.<\/p>\n<p class=\"ql-align-justify\">Por medio de la Direcci\u00f3n del Programa de Asistencia a Ni\u00f1as, Ni\u00f1os y Adolescentes en Riesgo (PAMAR) y la Procuradur\u00eda de Protecci\u00f3n a Ni\u00f1as, Ni\u00f1os, Adolescentes y la Familia, se ofrece informaci\u00f3n de esta problem\u00e1tica, las implicaciones que tiene para las personas afectadas y la manera de prevenirla.<\/p>\n<p class=\"ql-align-justify\">Estas acciones son parte de una estrategia que incluy\u00f3 la realizaci\u00f3n de un simposio, en junio pasado, enfocada a fortalecer las acciones para que las y los infantes cuenten con alternativas para que en vez de estar en las calles trabajando acudan a la escuela y reciban asistencia social.<\/p>\n<p class=\"ql-align-justify\">Derivado de ello, durante las caminatas se tiene muy buena respuesta por parte de las y los ciudadanos que reconocen que en realidad comprarle a menores no necesariamente es ayudar sino es ser parte del problema, por eso la importancia de estar bien informados.<\/p>\n<p class=\"ql-align-justify\">El trabajo infantil pone en riesgo el desarrollo f\u00edsico, psicosocial y social de ni\u00f1as, ni\u00f1os y adolescentes, e impide el disfrute de sus derechos humanos, en especial la asistencia o permanencia en la escuela.<\/p>\n","protected":false},"excerpt":{"rendered":"<p>Con el objetivo de concientizar a las y los visitantes sobre el trabajo infantil y buscar su prevenci\u00f3n, el Gobierno de Solidaridad, que encabeza la presidenta municipal Lili Campos, a trav\u00e9s del DIF Municipal, lleva a cabo acciones en la zona tur\u00edstica durante la temporada vacacional, con la distribuci\u00f3n de folletos informativos. Por medio de [&hellip;]<\/p>\n","protected":false},"author":1,"featured_media":30986,"comment_status":"open","ping_status":"closed","sticky":false,"template":"","format":"standard","meta":{"footnotes":""},"categories":[4],"tags":[],"class_list":["post-30984","post","type-post","status-publish","format-standard","has-post-thumbnail","hentry","category-local"],"_links":{"self":[{"href":"https:\/\/solidaridadnews.com\/index.php?rest_route=\/wp\/v2\/posts\/30984","targetHints":{"allow":["GET"]}}],"collection":[{"href":"https:\/\/solidaridadnews.com\/index.php?rest_route=\/wp\/v2\/posts"}],"about":[{"href":"https:\/\/solidaridadnews.com\/index.php?rest_route=\/wp\/v2\/types\/post"}],"author":[{"embeddable":true,"href":"https:\/\/solidaridadnews.com\/index.php?rest_route=\/wp\/v2\/users\/1"}],"replies":[{"embeddable":true,"href":"https:\/\/solidaridadnews.com\/index.php?rest_route=%2Fwp%2Fv2%2Fcomments&post=30984"}],"version-history":[{"count":1,"href":"https:\/\/solidaridadnews.com\/index.php?rest_route=\/wp\/v2\/posts\/30984\/revisions"}],"predecessor-version":[{"id":30985,"href":"https:\/\/solidaridadnews.com\/index.php?rest_route=\/wp\/v2\/posts\/30984\/revisions\/30985"}],"wp:featuredmedia":[{"embeddable":true,"href":"https:\/\/solidaridadnews.com\/index.php?rest_route=\/wp\/v2\/media\/30986"}],"wp:attachment":[{"href":"https:\/\/solidaridadnews.com\/index.php?rest_route=%2Fwp%2Fv2%2Fmedia&parent=30984"}],"wp:term":[{"taxonomy":"category","embeddable":true,"href":"https:\/\/solidaridadnews.com\/index.php?rest_route=%2Fwp%2Fv2%2Fcategories&post=30984"},{"taxonomy":"post_tag","embeddable":true,"href":"https:\/\/solidaridadnews.com\/index.php?rest_route=%2Fwp%2Fv2%2Ftags&post=30984"}],"curies":[{"name":"wp","href":"https:\/\/api.w.org\/{rel}","templated":true}]}}