{"id":30981,"date":"2023-12-27T14:42:49","date_gmt":"2023-12-27T19:42:49","guid":{"rendered":"https:\/\/solidaridadnews.com\/?p=30981"},"modified":"2023-12-27T19:42:51","modified_gmt":"2023-12-27T19:42:51","slug":"playaparq-aprovecha-temporada-decembrina-para-modificar-tarifas","status":"publish","type":"post","link":"https:\/\/solidaridadnews.com\/?p=30981","title":{"rendered":"Playaparq aprovecha temporada decembrina para modificar tarifas"},"content":{"rendered":"<p class=\"ql-align-justify\">La empresa Playaparq concesionaria de los parqu\u00edmetros en Playa del Carmen, sigue haciendo de las suyas, aprovecha fechas decembrinas para modificar su aplicaci\u00f3n obligando a los usuarios a pagar horas completas eliminando las fracciones, as\u00ed lo dio a conocer, Adri\u00e1n P\u00e9rez Vera, S\u00edndico Municipal de Solidaridad.<\/p>\n<p class=\"ql-align-justify\">Explic\u00f3 que le han llegado reportes de la ciudadan\u00eda de estos abusos, ante lo cual tom\u00f3 acciones de manera inmediata, pues se est\u00e1n afectando directamente los bolsillos de la ciudadan\u00eda y los turistas que visitan este importante polo vacacional.<\/p>\n<p class=\"ql-align-justify\">En ese sentido, dijo que seguir\u00e1 denunciando y actuando en consecuencia sobre cualquier irregularidad que realice esta empresa, intentando ganar m\u00e1s, da\u00f1ando la econom\u00eda de la ciudadan\u00eda.<\/p>\n","protected":false},"excerpt":{"rendered":"<p>La empresa Playaparq concesionaria de los parqu\u00edmetros en Playa del Carmen, sigue haciendo de las suyas, aprovecha fechas decembrinas para modificar su aplicaci\u00f3n obligando a los usuarios a pagar horas completas eliminando las fracciones, as\u00ed lo dio a conocer, Adri\u00e1n P\u00e9rez Vera, S\u00edndico Municipal de Solidaridad. Explic\u00f3 que le han llegado reportes de la ciudadan\u00eda [&hellip;]<\/p>\n","protected":false},"author":1,"featured_media":30983,"comment_status":"open","ping_status":"closed","sticky":false,"template":"","format":"standard","meta":{"footnotes":""},"categories":[4],"tags":[],"class_list":["post-30981","post","type-post","status-publish","format-standard","has-post-thumbnail","hentry","category-local"],"_links":{"self":[{"href":"https:\/\/solidaridadnews.com\/index.php?rest_route=\/wp\/v2\/posts\/30981","targetHints":{"allow":["GET"]}}],"collection":[{"href":"https:\/\/solidaridadnews.com\/index.php?rest_route=\/wp\/v2\/posts"}],"about":[{"href":"https:\/\/solidaridadnews.com\/index.php?rest_route=\/wp\/v2\/types\/post"}],"author":[{"embeddable":true,"href":"https:\/\/solidaridadnews.com\/index.php?rest_route=\/wp\/v2\/users\/1"}],"replies":[{"embeddable":true,"href":"https:\/\/solidaridadnews.com\/index.php?rest_route=%2Fwp%2Fv2%2Fcomments&post=30981"}],"version-history":[{"count":1,"href":"https:\/\/solidaridadnews.com\/index.php?rest_route=\/wp\/v2\/posts\/30981\/revisions"}],"predecessor-version":[{"id":30982,"href":"https:\/\/solidaridadnews.com\/index.php?rest_route=\/wp\/v2\/posts\/30981\/revisions\/30982"}],"wp:featuredmedia":[{"embeddable":true,"href":"https:\/\/solidaridadnews.com\/index.php?rest_route=\/wp\/v2\/media\/30983"}],"wp:attachment":[{"href":"https:\/\/solidaridadnews.com\/index.php?rest_route=%2Fwp%2Fv2%2Fmedia&parent=30981"}],"wp:term":[{"taxonomy":"category","embeddable":true,"href":"https:\/\/solidaridadnews.com\/index.php?rest_route=%2Fwp%2Fv2%2Fcategories&post=30981"},{"taxonomy":"post_tag","embeddable":true,"href":"https:\/\/solidaridadnews.com\/index.php?rest_route=%2Fwp%2Fv2%2Ftags&post=30981"}],"curies":[{"name":"wp","href":"https:\/\/api.w.org\/{rel}","templated":true}]}}