{"id":30957,"date":"2023-12-26T13:13:48","date_gmt":"2023-12-26T18:13:48","guid":{"rendered":"https:\/\/solidaridadnews.com\/?p=30957"},"modified":"2023-12-26T18:13:49","modified_gmt":"2023-12-26T18:13:49","slug":"miguel-ronco-pidio-sesionar-de-forma-virtual-desde-playa-del-carmen-y-lautaro-jimenez-estallo-en-sus-redes","status":"publish","type":"post","link":"https:\/\/solidaridadnews.com\/?p=30957","title":{"rendered":"Miguel Ronco pidi\u00f3 sesionar de forma virtual desde Playa del Carmen y Lautaro Jim\u00e9nez estall\u00f3 en sus redes"},"content":{"rendered":"<h4 class=\"entry-sub-title\" style=\"text-align: center;\">\u00abLa impunidad de los funcionarios siempre la termina pagando la gente\u00bb, asegur\u00f3 el referente de Izquierda.<\/h4>\n<p>\u201cEl Diputado mendocino\u00a0<strong>Miguel Ronco pidi\u00f3 sesionar de forma virtual desde Playa del Carmen, M\u00e9xico, donde est\u00e1 de vacaciones<\/strong>. En Mayo tuve que denunciarlo en el INADI y pedir que realice tareas comunitarias por tratar a los docentes de \u2018tramposos\u2019, \u2018deshonestos\u2019 y \u2018estafadores&#8217;\u201d. As\u00ed arranca un hilo de Twitter del militante de Izquierda\u00a0<strong>Lautaro Jim\u00e9nez<\/strong>.<\/p>\n<p>Este \u00faltimo explic\u00f3 en sus redes: \u201c<strong>El cambio de Reglamento para que Legisladores puedan sesionar en forma virtual se hizo en la fase 1 del ASPO en la pandemia de Covid 19, con el objeto de seguir sesionando y trabajando en comisiones<\/strong>. Jam\u00e1s imaginamos que alguien tendr\u00eda el tup\u00e9 de pedir sesionar desde el Caribe\u201d.<\/p>\n<p>Y record\u00f3: \u201c<strong>Miguel Ronco era Intendente de Rivadavia y candidato a legislador cuando en un acto de su campa\u00f1a electoral agredi\u00f3 p\u00fablicamente a la docencia mendocina<\/strong>\u00a0con el objetivo de defender el llamado \u00cdtem Aula. En esa oportunidad Ronco afirm\u00f3 cosas c\u00f3mo: \u2018Imag\u00ednense que\u2026 yo me tom\u00e9 licencia, porque me duele un pie. Porque el otro se tom\u00f3 licencia porque hab\u00eda estornudado. Porque el otro se tom\u00f3 licencia porque iba a ser mam\u00e1: cuatro intendentes en un aula&#8217;\u201d.<\/p>\n<p>Para Jim\u00e9nez, \u201c<strong>la impunidad de los funcionarios siempre la termina pagando la gente. Lamentablemente el INADI dej\u00f3 cajoneada esta denuncia<\/strong>. Jam\u00e1s tom\u00f3 cartas en el asunto para aclarar que las declaraciones de Ronco eran discriminatorias e indicar las sanciones pertinentes\u201d.<\/p>\n<p>Por eso, seg\u00fan finaliz\u00f3 el referente de izquierda, \u201c<strong>Miguel Ronco nunca fue a hacer tareas comunitarias a una Escuela P\u00fablica para reparar<\/strong>\u00a0-aunque sea en parte- el da\u00f1o que sus declaraciones provocaron en la comunidad educativa. Por eso sigui\u00f3 y sigue siendo un protegido de la casta pol\u00edtica. Tenemos que decir basta!\u201d<\/p>\n","protected":false},"excerpt":{"rendered":"<p>\u00abLa impunidad de los funcionarios siempre la termina pagando la gente\u00bb, asegur\u00f3 el referente de Izquierda. \u201cEl Diputado mendocino\u00a0Miguel Ronco pidi\u00f3 sesionar de forma virtual desde Playa del Carmen, M\u00e9xico, donde est\u00e1 de vacaciones. En Mayo tuve que denunciarlo en el INADI y pedir que realice tareas comunitarias por tratar a los docentes de \u2018tramposos\u2019, [&hellip;]<\/p>\n","protected":false},"author":1,"featured_media":30959,"comment_status":"open","ping_status":"closed","sticky":false,"template":"","format":"standard","meta":{"footnotes":""},"categories":[4],"tags":[],"class_list":["post-30957","post","type-post","status-publish","format-standard","has-post-thumbnail","hentry","category-local"],"_links":{"self":[{"href":"https:\/\/solidaridadnews.com\/index.php?rest_route=\/wp\/v2\/posts\/30957","targetHints":{"allow":["GET"]}}],"collection":[{"href":"https:\/\/solidaridadnews.com\/index.php?rest_route=\/wp\/v2\/posts"}],"about":[{"href":"https:\/\/solidaridadnews.com\/index.php?rest_route=\/wp\/v2\/types\/post"}],"author":[{"embeddable":true,"href":"https:\/\/solidaridadnews.com\/index.php?rest_route=\/wp\/v2\/users\/1"}],"replies":[{"embeddable":true,"href":"https:\/\/solidaridadnews.com\/index.php?rest_route=%2Fwp%2Fv2%2Fcomments&post=30957"}],"version-history":[{"count":1,"href":"https:\/\/solidaridadnews.com\/index.php?rest_route=\/wp\/v2\/posts\/30957\/revisions"}],"predecessor-version":[{"id":30958,"href":"https:\/\/solidaridadnews.com\/index.php?rest_route=\/wp\/v2\/posts\/30957\/revisions\/30958"}],"wp:featuredmedia":[{"embeddable":true,"href":"https:\/\/solidaridadnews.com\/index.php?rest_route=\/wp\/v2\/media\/30959"}],"wp:attachment":[{"href":"https:\/\/solidaridadnews.com\/index.php?rest_route=%2Fwp%2Fv2%2Fmedia&parent=30957"}],"wp:term":[{"taxonomy":"category","embeddable":true,"href":"https:\/\/solidaridadnews.com\/index.php?rest_route=%2Fwp%2Fv2%2Fcategories&post=30957"},{"taxonomy":"post_tag","embeddable":true,"href":"https:\/\/solidaridadnews.com\/index.php?rest_route=%2Fwp%2Fv2%2Ftags&post=30957"}],"curies":[{"name":"wp","href":"https:\/\/api.w.org\/{rel}","templated":true}]}}