{"id":30954,"date":"2023-12-26T13:07:18","date_gmt":"2023-12-26T18:07:18","guid":{"rendered":"https:\/\/solidaridadnews.com\/?p=30954"},"modified":"2023-12-26T18:07:19","modified_gmt":"2023-12-26T18:07:19","slug":"desde-playa-del-carmen-virginia-gallardo-encendio-las-redes-microbikini-y-trenzas-africanas","status":"publish","type":"post","link":"https:\/\/solidaridadnews.com\/?p=30954","title":{"rendered":"Desde Playa del Carmen, Virginia Gallardo encendi\u00f3 las redes: microbikini y trenzas africanas"},"content":{"rendered":"<p><strong>Virginia Gallardo<\/strong>\u00a0se despidi\u00f3 de\u00a0<em>\u00abSocios del espect\u00e1culo\u00bb<\/em>\u00a0para enfocarse en su familia. Cont\u00f3 que despu\u00e9s de terminar sus compromisos en la televisi\u00f3n ten\u00eda planeado un viaje con su hija y su pareja.<\/p>\n<p>En las \u00faltimas horas,\u00a0<strong>la bailarina se luci\u00f3 a orillas del mar con un look playero<\/strong>\u00a0que dej\u00f3 impactados a sus casi 3 millones de seguidores. Se mostr\u00f3 con una\u00a0<strong>microbikini floreada multicolor<\/strong>\u00a0que combin\u00f3 con<strong>\u00a0lentes de sol<\/strong>\u00a0y un peinado de<strong>\u00a0trenzas africanas.<\/strong><\/p>\n<p>Se trata de un equipo de dos piezas con corpi\u00f1o triangular simple y bombacha colaless cavada. Ambas piezas estampadas con un dise\u00f1o textil floreado en\u00a0<em>colores shocking como el fucsia, el naranja, el violeta y el verde.<\/em>\u00a0La rubia elev\u00f3 la apuesta con un par de<em>\u00a0lentes de sol rectangulares superopacos con marco off white<\/em>\u00a0y un peinado muy canchero:<strong>\u00a0trenzas cosidas africanas con apliques de mechones rosados<\/strong>.<\/p>\n<p>El posteo se llen\u00f3 de\u00a0<em>\u00abMe gusta\u00bb<\/em>\u00a0y coleccion\u00f3 todo tipo de comentarios por parte de los usuarios de internet, que no dudaron en dedicarle cientos de halagos y elogios.<\/p>\n","protected":false},"excerpt":{"rendered":"<p>Virginia Gallardo\u00a0se despidi\u00f3 de\u00a0\u00abSocios del espect\u00e1culo\u00bb\u00a0para enfocarse en su familia. Cont\u00f3 que despu\u00e9s de terminar sus compromisos en la televisi\u00f3n ten\u00eda planeado un viaje con su hija y su pareja. En las \u00faltimas horas,\u00a0la bailarina se luci\u00f3 a orillas del mar con un look playero\u00a0que dej\u00f3 impactados a sus casi 3 millones de seguidores. Se [&hellip;]<\/p>\n","protected":false},"author":1,"featured_media":30956,"comment_status":"open","ping_status":"closed","sticky":false,"template":"","format":"standard","meta":{"footnotes":""},"categories":[4],"tags":[],"class_list":["post-30954","post","type-post","status-publish","format-standard","has-post-thumbnail","hentry","category-local"],"_links":{"self":[{"href":"https:\/\/solidaridadnews.com\/index.php?rest_route=\/wp\/v2\/posts\/30954","targetHints":{"allow":["GET"]}}],"collection":[{"href":"https:\/\/solidaridadnews.com\/index.php?rest_route=\/wp\/v2\/posts"}],"about":[{"href":"https:\/\/solidaridadnews.com\/index.php?rest_route=\/wp\/v2\/types\/post"}],"author":[{"embeddable":true,"href":"https:\/\/solidaridadnews.com\/index.php?rest_route=\/wp\/v2\/users\/1"}],"replies":[{"embeddable":true,"href":"https:\/\/solidaridadnews.com\/index.php?rest_route=%2Fwp%2Fv2%2Fcomments&post=30954"}],"version-history":[{"count":1,"href":"https:\/\/solidaridadnews.com\/index.php?rest_route=\/wp\/v2\/posts\/30954\/revisions"}],"predecessor-version":[{"id":30955,"href":"https:\/\/solidaridadnews.com\/index.php?rest_route=\/wp\/v2\/posts\/30954\/revisions\/30955"}],"wp:featuredmedia":[{"embeddable":true,"href":"https:\/\/solidaridadnews.com\/index.php?rest_route=\/wp\/v2\/media\/30956"}],"wp:attachment":[{"href":"https:\/\/solidaridadnews.com\/index.php?rest_route=%2Fwp%2Fv2%2Fmedia&parent=30954"}],"wp:term":[{"taxonomy":"category","embeddable":true,"href":"https:\/\/solidaridadnews.com\/index.php?rest_route=%2Fwp%2Fv2%2Fcategories&post=30954"},{"taxonomy":"post_tag","embeddable":true,"href":"https:\/\/solidaridadnews.com\/index.php?rest_route=%2Fwp%2Fv2%2Ftags&post=30954"}],"curies":[{"name":"wp","href":"https:\/\/api.w.org\/{rel}","templated":true}]}}