{"id":30936,"date":"2023-12-26T17:44:19","date_gmt":"2023-12-26T17:44:19","guid":{"rendered":"https:\/\/solidaridadnews.com\/?p=30936"},"modified":"2023-12-26T17:44:19","modified_gmt":"2023-12-26T17:44:19","slug":"regreso-triunfal-del-inter-playa-del-carmen-en-la-liga-tdp","status":"publish","type":"post","link":"https:\/\/solidaridadnews.com\/?p=30936","title":{"rendered":"REGRESO TRIUNFAL DEL INTER PLAYA DEL CARMEN EN LA LIGA TDP"},"content":{"rendered":"<p>Con gran expectaci\u00f3n, la Liga Tercera Divisi\u00f3n Profesional (TDP) anuncia la segunda vuelta de la Temporada 2023-2024, y el Inter Playa del Carmen se prepara para su regreso a la cancha. Bajo la direcci\u00f3n de Alejandro J\u00e1come, el equipo iniciar\u00e1 su traves\u00eda visitando a ISG Sport FC el 27 de enero en la Unidad Deportiva \u201c20 de Noviembre\u201d de Ciudad del Carmen, Campeche, en la jornada 14.<\/p>\n<p>Con una s\u00f3lida posici\u00f3n en el Grupo 1 al finalizar la primera vuelta, el Inter Playa del Carmen buscar\u00e1 mantener su rendimiento cuando reciba a Pampaneros de Champot\u00f3n el 3 de febrero en la Unidad Deportiva \u201cMario Villanueva Madrid\u201d. La emoci\u00f3n y la competencia est\u00e1n de regreso.<\/p>\n","protected":false},"excerpt":{"rendered":"<p>Con gran expectaci\u00f3n, la Liga Tercera Divisi\u00f3n Profesional (TDP) anuncia la segunda vuelta de la Temporada 2023-2024, y el Inter Playa del Carmen se prepara para su regreso a la cancha. Bajo la direcci\u00f3n de Alejandro J\u00e1come, el equipo iniciar\u00e1 su traves\u00eda visitando a ISG Sport FC el 27 de enero en la Unidad Deportiva [&hellip;]<\/p>\n","protected":false},"author":1,"featured_media":30937,"comment_status":"closed","ping_status":"closed","sticky":false,"template":"","format":"standard","meta":{"footnotes":""},"categories":[6],"tags":[],"class_list":["post-30936","post","type-post","status-publish","format-standard","has-post-thumbnail","hentry","category-deportes"],"_links":{"self":[{"href":"https:\/\/solidaridadnews.com\/index.php?rest_route=\/wp\/v2\/posts\/30936","targetHints":{"allow":["GET"]}}],"collection":[{"href":"https:\/\/solidaridadnews.com\/index.php?rest_route=\/wp\/v2\/posts"}],"about":[{"href":"https:\/\/solidaridadnews.com\/index.php?rest_route=\/wp\/v2\/types\/post"}],"author":[{"embeddable":true,"href":"https:\/\/solidaridadnews.com\/index.php?rest_route=\/wp\/v2\/users\/1"}],"replies":[{"embeddable":true,"href":"https:\/\/solidaridadnews.com\/index.php?rest_route=%2Fwp%2Fv2%2Fcomments&post=30936"}],"version-history":[{"count":1,"href":"https:\/\/solidaridadnews.com\/index.php?rest_route=\/wp\/v2\/posts\/30936\/revisions"}],"predecessor-version":[{"id":30938,"href":"https:\/\/solidaridadnews.com\/index.php?rest_route=\/wp\/v2\/posts\/30936\/revisions\/30938"}],"wp:featuredmedia":[{"embeddable":true,"href":"https:\/\/solidaridadnews.com\/index.php?rest_route=\/wp\/v2\/media\/30937"}],"wp:attachment":[{"href":"https:\/\/solidaridadnews.com\/index.php?rest_route=%2Fwp%2Fv2%2Fmedia&parent=30936"}],"wp:term":[{"taxonomy":"category","embeddable":true,"href":"https:\/\/solidaridadnews.com\/index.php?rest_route=%2Fwp%2Fv2%2Fcategories&post=30936"},{"taxonomy":"post_tag","embeddable":true,"href":"https:\/\/solidaridadnews.com\/index.php?rest_route=%2Fwp%2Fv2%2Ftags&post=30936"}],"curies":[{"name":"wp","href":"https:\/\/api.w.org\/{rel}","templated":true}]}}