{"id":30933,"date":"2023-12-26T17:16:49","date_gmt":"2023-12-26T17:16:49","guid":{"rendered":"https:\/\/solidaridadnews.com\/?p=30933"},"modified":"2023-12-26T17:16:49","modified_gmt":"2023-12-26T17:16:49","slug":"descontento-social-ante-despidos-masivos-en-argentina","status":"publish","type":"post","link":"https:\/\/solidaridadnews.com\/?p=30933","title":{"rendered":"DESCONTENTO SOCIAL ANTE DESPIDOS MASIVOS EN ARGENTINA"},"content":{"rendered":"<p>La Nochebuena en Argentina se transform\u00f3 en una noche sombr\u00eda para m\u00e1s de 7 mil empleados p\u00fablicos, quienes enfrentan la p\u00e9rdida de sus empleos a partir del primero de enero, seg\u00fan el \u00faltimo decreto del presidente ultraderechista Javier Milei. El anuncio, realizado a trav\u00e9s de un decreto de necesidad y urgencia (DNU), ha generado malestar y cuestionamientos sobre el impacto social y econ\u00f3mico de estas medidas.<\/p>\n<p>La decisi\u00f3n de Milei de no presentar su discurso frente al Congreso durante su asunci\u00f3n y su menosprecio hacia esta instituci\u00f3n ha generado tensiones adicionales. Los cacerolazos, que surgieron a tan solo 10 d\u00edas de su asunci\u00f3n, demuestran la insatisfacci\u00f3n de la poblaci\u00f3n frente a estas medidas que parecen ir en contra de sus expectativas y necesidades.<\/p>\n<p>La econom\u00eda ya se ve afectada por la inflaci\u00f3n y la disminuci\u00f3n de las ventas, sumando incertidumbre sobre el futuro de las empresas p\u00fablicas en el pa\u00eds.<\/p>\n","protected":false},"excerpt":{"rendered":"<p>La Nochebuena en Argentina se transform\u00f3 en una noche sombr\u00eda para m\u00e1s de 7 mil empleados p\u00fablicos, quienes enfrentan la p\u00e9rdida de sus empleos a partir del primero de enero, seg\u00fan el \u00faltimo decreto del presidente ultraderechista Javier Milei. El anuncio, realizado a trav\u00e9s de un decreto de necesidad y urgencia (DNU), ha generado malestar [&hellip;]<\/p>\n","protected":false},"author":1,"featured_media":30934,"comment_status":"closed","ping_status":"closed","sticky":false,"template":"","format":"standard","meta":{"footnotes":""},"categories":[9],"tags":[],"class_list":["post-30933","post","type-post","status-publish","format-standard","has-post-thumbnail","hentry","category-internacional"],"_links":{"self":[{"href":"https:\/\/solidaridadnews.com\/index.php?rest_route=\/wp\/v2\/posts\/30933","targetHints":{"allow":["GET"]}}],"collection":[{"href":"https:\/\/solidaridadnews.com\/index.php?rest_route=\/wp\/v2\/posts"}],"about":[{"href":"https:\/\/solidaridadnews.com\/index.php?rest_route=\/wp\/v2\/types\/post"}],"author":[{"embeddable":true,"href":"https:\/\/solidaridadnews.com\/index.php?rest_route=\/wp\/v2\/users\/1"}],"replies":[{"embeddable":true,"href":"https:\/\/solidaridadnews.com\/index.php?rest_route=%2Fwp%2Fv2%2Fcomments&post=30933"}],"version-history":[{"count":1,"href":"https:\/\/solidaridadnews.com\/index.php?rest_route=\/wp\/v2\/posts\/30933\/revisions"}],"predecessor-version":[{"id":30935,"href":"https:\/\/solidaridadnews.com\/index.php?rest_route=\/wp\/v2\/posts\/30933\/revisions\/30935"}],"wp:featuredmedia":[{"embeddable":true,"href":"https:\/\/solidaridadnews.com\/index.php?rest_route=\/wp\/v2\/media\/30934"}],"wp:attachment":[{"href":"https:\/\/solidaridadnews.com\/index.php?rest_route=%2Fwp%2Fv2%2Fmedia&parent=30933"}],"wp:term":[{"taxonomy":"category","embeddable":true,"href":"https:\/\/solidaridadnews.com\/index.php?rest_route=%2Fwp%2Fv2%2Fcategories&post=30933"},{"taxonomy":"post_tag","embeddable":true,"href":"https:\/\/solidaridadnews.com\/index.php?rest_route=%2Fwp%2Fv2%2Ftags&post=30933"}],"curies":[{"name":"wp","href":"https:\/\/api.w.org\/{rel}","templated":true}]}}