{"id":30930,"date":"2023-12-26T17:04:48","date_gmt":"2023-12-26T17:04:48","guid":{"rendered":"https:\/\/solidaridadnews.com\/?p=30930"},"modified":"2023-12-26T17:04:48","modified_gmt":"2023-12-26T17:04:48","slug":"tres-fallecidos-en-colision-entre-automovil-y-trailer","status":"publish","type":"post","link":"https:\/\/solidaridadnews.com\/?p=30930","title":{"rendered":"TRES FALLECIDOS EN COLISI\u00d3N ENTRE AUTOM\u00d3VIL Y TR\u00c1ILER"},"content":{"rendered":"<p>Una colisi\u00f3n fatal conmocion\u00f3 la carretera federal 307 en la Riviera Maya, cuando un autom\u00f3vil Chevrolet blanco choc\u00f3 de manera violenta contra un tr\u00e1iler en el tramo Playa del Carmen-Tulum. Seg\u00fan informes no oficiales, el accidente tuvo lugar alrededor de las 6 de la ma\u00f1ana, cerca del kil\u00f3metro 237.<\/p>\n<p>Testigos indican que el fatal encontronazo ocurri\u00f3 mientras el conductor del tr\u00e1iler intentaba realizar una maniobra de giro en \u00abu\u00bb. La falta de precauci\u00f3n de ambos conductores result\u00f3 en un impacto devastador que dej\u00f3 a los ocupantes del Chevrolet atrapados entre los restos retorcidos del veh\u00edculo.<\/p>\n<p>Los equipos de rescate de la Cruz Roja y el Cuerpo de Bomberos acudieron al lugar para liberar los cuerpos sin vida. La Fiscal\u00eda General del Estado y la Guardia Nacional realizaron las investigaciones correspondientes para determinar la responsabilidad en este tr\u00e1gico suceso antes de remolcar los veh\u00edculos a un corral\u00f3n federal y trasladar los cuerpos al Servicio M\u00e9dico Forense.<\/p>\n","protected":false},"excerpt":{"rendered":"<p>Una colisi\u00f3n fatal conmocion\u00f3 la carretera federal 307 en la Riviera Maya, cuando un autom\u00f3vil Chevrolet blanco choc\u00f3 de manera violenta contra un tr\u00e1iler en el tramo Playa del Carmen-Tulum. Seg\u00fan informes no oficiales, el accidente tuvo lugar alrededor de las 6 de la ma\u00f1ana, cerca del kil\u00f3metro 237. Testigos indican que el fatal encontronazo [&hellip;]<\/p>\n","protected":false},"author":1,"featured_media":30931,"comment_status":"closed","ping_status":"closed","sticky":false,"template":"","format":"standard","meta":{"footnotes":""},"categories":[4],"tags":[],"class_list":["post-30930","post","type-post","status-publish","format-standard","has-post-thumbnail","hentry","category-local"],"_links":{"self":[{"href":"https:\/\/solidaridadnews.com\/index.php?rest_route=\/wp\/v2\/posts\/30930","targetHints":{"allow":["GET"]}}],"collection":[{"href":"https:\/\/solidaridadnews.com\/index.php?rest_route=\/wp\/v2\/posts"}],"about":[{"href":"https:\/\/solidaridadnews.com\/index.php?rest_route=\/wp\/v2\/types\/post"}],"author":[{"embeddable":true,"href":"https:\/\/solidaridadnews.com\/index.php?rest_route=\/wp\/v2\/users\/1"}],"replies":[{"embeddable":true,"href":"https:\/\/solidaridadnews.com\/index.php?rest_route=%2Fwp%2Fv2%2Fcomments&post=30930"}],"version-history":[{"count":1,"href":"https:\/\/solidaridadnews.com\/index.php?rest_route=\/wp\/v2\/posts\/30930\/revisions"}],"predecessor-version":[{"id":30932,"href":"https:\/\/solidaridadnews.com\/index.php?rest_route=\/wp\/v2\/posts\/30930\/revisions\/30932"}],"wp:featuredmedia":[{"embeddable":true,"href":"https:\/\/solidaridadnews.com\/index.php?rest_route=\/wp\/v2\/media\/30931"}],"wp:attachment":[{"href":"https:\/\/solidaridadnews.com\/index.php?rest_route=%2Fwp%2Fv2%2Fmedia&parent=30930"}],"wp:term":[{"taxonomy":"category","embeddable":true,"href":"https:\/\/solidaridadnews.com\/index.php?rest_route=%2Fwp%2Fv2%2Fcategories&post=30930"},{"taxonomy":"post_tag","embeddable":true,"href":"https:\/\/solidaridadnews.com\/index.php?rest_route=%2Fwp%2Fv2%2Ftags&post=30930"}],"curies":[{"name":"wp","href":"https:\/\/api.w.org\/{rel}","templated":true}]}}